{"id":104102,"date":"2024-09-05T16:41:33","date_gmt":"2024-09-05T19:41:33","guid":{"rendered":"https:\/\/ativeagencia.com.br\/radiomais\/?p=104102"},"modified":"2024-09-05T16:41:33","modified_gmt":"2024-09-05T19:41:33","slug":"policia-investiga-desaparecimento-de-atriz-gaucha","status":"publish","type":"post","link":"https:\/\/ativeagencia.com.br\/radiomais\/2024\/09\/05\/policia-investiga-desaparecimento-de-atriz-gaucha\/","title":{"rendered":"Pol\u00edcia investiga desaparecimento de atriz ga\u00facha"},"content":{"rendered":"<p>Est\u00e1 desaparecida desde segunda-feira (2) a atriz ga\u00facha Maid\u00ea Mahl. Pelas redes sociais, amigos e familiares fizeram um apelo para tentar encontr\u00e1-la.<\/p>\n<p>Ela foi vista pela \u00faltima vez em Moema, bairro da zona sul de S\u00e3o Paulo, por volta das 15h30. A publica\u00e7\u00e3o do desaparecimento da atriz e modelo tamb\u00e9m conta com o n\u00famero da Delegacia de Desaparecidos e do Centro de Aten\u00e7\u00e3o Integrada \u00e0 Sa\u00fade Mental.<\/p>\n<p>Maid\u00ea, que \u00e9 natural de Ven\u00e2ncio Aires, \u00e9 conhecida por seus trabalhos em \u201cO Rei da TV\u201d, onde interpretou Elke Maravilha, e em \u201cVale dos Esquecidos\u201d.<\/p>\n","protected":false},"excerpt":{"rendered":"<p>Est\u00e1 desaparecida desde segunda-feira (2) a atriz ga\u00facha Maid\u00ea Mahl. Pelas redes sociais, amigos e familiares fizeram um apelo para tentar encontr\u00e1-la. Ela foi vista pela \u00faltima vez em Moema, bairro da zona sul de S\u00e3o Paulo, por volta das 15h30. A publica\u00e7\u00e3o do desaparecimento da atriz e modelo tamb\u00e9m conta com o n\u00famero da [&hellip;]<\/p>\n","protected":false},"author":2,"featured_media":104103,"comment_status":"open","ping_status":"open","sticky":false,"template":"","format":"standard","meta":{"footnotes":""},"categories":[16,13],"tags":[],"class_list":["post-104102","post","type-post","status-publish","format-standard","has-post-thumbnail","hentry","category-destaque","category-geral"],"_links":{"self":[{"href":"https:\/\/ativeagencia.com.br\/radiomais\/wp-json\/wp\/v2\/posts\/104102","targetHints":{"allow":["GET"]}}],"collection":[{"href":"https:\/\/ativeagencia.com.br\/radiomais\/wp-json\/wp\/v2\/posts"}],"about":[{"href":"https:\/\/ativeagencia.com.br\/radiomais\/wp-json\/wp\/v2\/types\/post"}],"author":[{"embeddable":true,"href":"https:\/\/ativeagencia.com.br\/radiomais\/wp-json\/wp\/v2\/users\/2"}],"replies":[{"embeddable":true,"href":"https:\/\/ativeagencia.com.br\/radiomais\/wp-json\/wp\/v2\/comments?post=104102"}],"version-history":[{"count":1,"href":"https:\/\/ativeagencia.com.br\/radiomais\/wp-json\/wp\/v2\/posts\/104102\/revisions"}],"predecessor-version":[{"id":104104,"href":"https:\/\/ativeagencia.com.br\/radiomais\/wp-json\/wp\/v2\/posts\/104102\/revisions\/104104"}],"wp:featuredmedia":[{"embeddable":true,"href":"https:\/\/ativeagencia.com.br\/radiomais\/wp-json\/wp\/v2\/media\/104103"}],"wp:attachment":[{"href":"https:\/\/ativeagencia.com.br\/radiomais\/wp-json\/wp\/v2\/media?parent=104102"}],"wp:term":[{"taxonomy":"category","embeddable":true,"href":"https:\/\/ativeagencia.com.br\/radiomais\/wp-json\/wp\/v2\/categories?post=104102"},{"taxonomy":"post_tag","embeddable":true,"href":"https:\/\/ativeagencia.com.br\/radiomais\/wp-json\/wp\/v2\/tags?post=104102"}],"curies":[{"name":"wp","href":"https:\/\/api.w.org\/{rel}","templated":true}]}}