{"id":104105,"date":"2024-09-05T16:45:27","date_gmt":"2024-09-05T19:45:27","guid":{"rendered":"https:\/\/ativeagencia.com.br\/radiomais\/?p=104105"},"modified":"2024-09-05T16:45:27","modified_gmt":"2024-09-05T19:45:27","slug":"policia-investiga-servidores-de-santo-augusto-por-desvio-de-cestas-basicas","status":"publish","type":"post","link":"https:\/\/ativeagencia.com.br\/radiomais\/2024\/09\/05\/policia-investiga-servidores-de-santo-augusto-por-desvio-de-cestas-basicas\/","title":{"rendered":"Pol\u00edcia investiga servidores de Santo Augusto por desvio de cestas b\u00e1sicas"},"content":{"rendered":"<p>A Pol\u00edcia Civil realizou na manh\u00e3 desta quinta-feira (5) opera\u00e7\u00e3o de busca e apreens\u00e3o na Prefeitura de Santo Augusto.<\/p>\n<p>Conforme o delegado Bruno Chaves, a a\u00e7\u00e3o est\u00e1 relacionada a desvios de cestas b\u00e1sicas por parte de pelo menos dois servidores municipais, que s\u00e3o investigados pelos crimes de peculato e falsidade ideol\u00f3gica.<\/p>\n<p>A opera\u00e7\u00e3o incluiu a coleta de documentos e outros materiais que possam ajudar nas investiga\u00e7\u00f5es.<\/p>\n<p>Na noite de quarta-feira (4) a Pol\u00edcia cumpriu mandado de pris\u00e3o preventiva contra uma servidora, encaminhada ao Presidio de Tr\u00eas Passos.<\/p>\n<p>Os fatos foram levados \u00e0 Pol\u00edcia pela prefeita Lilian Fontoura Depiere, que forneceu a documenta\u00e7\u00e3o inicial indicando a ocorr\u00eancia das infra\u00e7\u00f5es.<\/p>\n<p>Em Nota Oficial, a prefeitura informou que tomou conhecimento das supostas irregularidades na segunda-feira (2) e que, imediatamente houve a exonera\u00e7\u00e3o dos servidores suspeitos, bem como se instaurou sindic\u00e2ncia para apura\u00e7\u00e3o interna.<\/p>\n<p>A nota explica que a prefeitura, com suas equipes, passou a cooperar integralmente com os \u00f3rg\u00e3os de investiga\u00e7\u00e3o, levando a registro ocorr\u00eancia perante a Policia Civil, bem como ao Minist\u00e9rio P\u00fablico.<\/p>\n<p>\u201cEst\u00e1 ocorrendo colabora\u00e7\u00e3o integral para que se elucidem os fatos da maneira mais diligente e r\u00e1pida poss\u00edvel, inclusive com o apoio dos servidores p\u00fablicos de todos os setores\u201d, destaca a nota, que aponta ainda que a atual gest\u00e3o n\u00e3o tolera qualquer tipo de desvio \u00e9tico ou moral e agradece \u00e0 popula\u00e7\u00e3o pela confian\u00e7a.<\/p>\n","protected":false},"excerpt":{"rendered":"<p>A Pol\u00edcia Civil realizou na manh\u00e3 desta quinta-feira (5) opera\u00e7\u00e3o de busca e apreens\u00e3o na Prefeitura de Santo Augusto. Conforme o delegado Bruno Chaves, a a\u00e7\u00e3o est\u00e1 relacionada a desvios de cestas b\u00e1sicas por parte de pelo menos dois servidores municipais, que s\u00e3o investigados pelos crimes de peculato e falsidade ideol\u00f3gica. A opera\u00e7\u00e3o incluiu a [&hellip;]<\/p>\n","protected":false},"author":2,"featured_media":104106,"comment_status":"open","ping_status":"open","sticky":false,"template":"","format":"standard","meta":{"footnotes":""},"categories":[16,43,50],"tags":[],"class_list":["post-104105","post","type-post","status-publish","format-standard","has-post-thumbnail","hentry","category-destaque","category-policia","category-regiao"],"_links":{"self":[{"href":"https:\/\/ativeagencia.com.br\/radiomais\/wp-json\/wp\/v2\/posts\/104105","targetHints":{"allow":["GET"]}}],"collection":[{"href":"https:\/\/ativeagencia.com.br\/radiomais\/wp-json\/wp\/v2\/posts"}],"about":[{"href":"https:\/\/ativeagencia.com.br\/radiomais\/wp-json\/wp\/v2\/types\/post"}],"author":[{"embeddable":true,"href":"https:\/\/ativeagencia.com.br\/radiomais\/wp-json\/wp\/v2\/users\/2"}],"replies":[{"embeddable":true,"href":"https:\/\/ativeagencia.com.br\/radiomais\/wp-json\/wp\/v2\/comments?post=104105"}],"version-history":[{"count":2,"href":"https:\/\/ativeagencia.com.br\/radiomais\/wp-json\/wp\/v2\/posts\/104105\/revisions"}],"predecessor-version":[{"id":104141,"href":"https:\/\/ativeagencia.com.br\/radiomais\/wp-json\/wp\/v2\/posts\/104105\/revisions\/104141"}],"wp:featuredmedia":[{"embeddable":true,"href":"https:\/\/ativeagencia.com.br\/radiomais\/wp-json\/wp\/v2\/media\/104106"}],"wp:attachment":[{"href":"https:\/\/ativeagencia.com.br\/radiomais\/wp-json\/wp\/v2\/media?parent=104105"}],"wp:term":[{"taxonomy":"category","embeddable":true,"href":"https:\/\/ativeagencia.com.br\/radiomais\/wp-json\/wp\/v2\/categories?post=104105"},{"taxonomy":"post_tag","embeddable":true,"href":"https:\/\/ativeagencia.com.br\/radiomais\/wp-json\/wp\/v2\/tags?post=104105"}],"curies":[{"name":"wp","href":"https:\/\/api.w.org\/{rel}","templated":true}]}}