{"id":104108,"date":"2024-09-05T16:50:57","date_gmt":"2024-09-05T19:50:57","guid":{"rendered":"https:\/\/ativeagencia.com.br\/radiomais\/?p=104108"},"modified":"2024-09-05T16:50:57","modified_gmt":"2024-09-05T19:50:57","slug":"guitarrista-do-queen-afirma-que-teve-pequeno-derrame","status":"publish","type":"post","link":"https:\/\/ativeagencia.com.br\/radiomais\/2024\/09\/05\/guitarrista-do-queen-afirma-que-teve-pequeno-derrame\/","title":{"rendered":"Guitarrista do Queen afirma que teve \u2018pequeno derrame\u2019"},"content":{"rendered":"<p>O guitarrista principal da banda Queen, revelou nesta quarta-feira (4) que teve um &#8220;pequeno derrame&#8221; na semana passada, o que o fez perder temporariamente o controle sobre seu bra\u00e7o.<br \/>\nBrian May, que est\u00e1 com 77 anos, disse em um v\u00eddeo em seu site que estava &#8220;bem&#8221;, mas que estava &#8220;de castigo&#8221; e foi aconselhado a n\u00e3o dirigir, voar ou fazer qualquer atividade que aumentasse muito sua frequ\u00eancia card\u00edaca.<\/p>\n<p>O m\u00fasico destacou que \u2018a boa not\u00edcia\u2019 \u00e9 que ele poder\u00e1 tocar guitarra depois do que ocorreu. &#8220;E digo isso porque estava em d\u00favida porque aquele probleminha de sa\u00fade que mencionei aconteceu h\u00e1 cerca de uma semana. Foi o que eles chamaram de um pequeno derrame e, de repente, do nada, eu n\u00e3o tinha nenhum controle sobre este bra\u00e7o&#8221;, destacou.<\/p>\n<p><iframe loading=\"lazy\" style=\"border: none; overflow: hidden;\" src=\"https:\/\/www.facebook.com\/plugins\/video.php?height=315&amp;href=https%3A%2F%2Fwww.facebook.com%2Fmaisfmradio%2Fvideos%2F26611689551809633%2F&amp;show_text=false&amp;width=560&amp;t=0\" width=\"560\" height=\"315\" frameborder=\"0\" scrolling=\"no\" allowfullscreen=\"allowfullscreen\"><\/iframe><\/p>\n","protected":false},"excerpt":{"rendered":"<p>O guitarrista principal da banda Queen, revelou nesta quarta-feira (4) que teve um &#8220;pequeno derrame&#8221; na semana passada, o que o fez perder temporariamente o controle sobre seu bra\u00e7o. Brian May, que est\u00e1 com 77 anos, disse em um v\u00eddeo em seu site que estava &#8220;bem&#8221;, mas que estava &#8220;de castigo&#8221; e foi aconselhado a [&hellip;]<\/p>\n","protected":false},"author":2,"featured_media":104109,"comment_status":"open","ping_status":"open","sticky":false,"template":"","format":"video","meta":{"footnotes":""},"categories":[16,13],"tags":[],"class_list":["post-104108","post","type-post","status-publish","format-video","has-post-thumbnail","hentry","category-destaque","category-geral","post_format-post-format-video"],"_links":{"self":[{"href":"https:\/\/ativeagencia.com.br\/radiomais\/wp-json\/wp\/v2\/posts\/104108","targetHints":{"allow":["GET"]}}],"collection":[{"href":"https:\/\/ativeagencia.com.br\/radiomais\/wp-json\/wp\/v2\/posts"}],"about":[{"href":"https:\/\/ativeagencia.com.br\/radiomais\/wp-json\/wp\/v2\/types\/post"}],"author":[{"embeddable":true,"href":"https:\/\/ativeagencia.com.br\/radiomais\/wp-json\/wp\/v2\/users\/2"}],"replies":[{"embeddable":true,"href":"https:\/\/ativeagencia.com.br\/radiomais\/wp-json\/wp\/v2\/comments?post=104108"}],"version-history":[{"count":1,"href":"https:\/\/ativeagencia.com.br\/radiomais\/wp-json\/wp\/v2\/posts\/104108\/revisions"}],"predecessor-version":[{"id":104110,"href":"https:\/\/ativeagencia.com.br\/radiomais\/wp-json\/wp\/v2\/posts\/104108\/revisions\/104110"}],"wp:featuredmedia":[{"embeddable":true,"href":"https:\/\/ativeagencia.com.br\/radiomais\/wp-json\/wp\/v2\/media\/104109"}],"wp:attachment":[{"href":"https:\/\/ativeagencia.com.br\/radiomais\/wp-json\/wp\/v2\/media?parent=104108"}],"wp:term":[{"taxonomy":"category","embeddable":true,"href":"https:\/\/ativeagencia.com.br\/radiomais\/wp-json\/wp\/v2\/categories?post=104108"},{"taxonomy":"post_tag","embeddable":true,"href":"https:\/\/ativeagencia.com.br\/radiomais\/wp-json\/wp\/v2\/tags?post=104108"}],"curies":[{"name":"wp","href":"https:\/\/api.w.org\/{rel}","templated":true}]}}