{"id":104112,"date":"2024-09-10T10:00:32","date_gmt":"2024-09-10T13:00:32","guid":{"rendered":"https:\/\/ativeagencia.com.br\/radiomais\/?p=104112"},"modified":"2024-09-10T11:26:11","modified_gmt":"2024-09-10T14:26:11","slug":"vida-saude-promove-acoes-no-mes-de-prevencao-ao-suicidio","status":"publish","type":"post","link":"https:\/\/ativeagencia.com.br\/radiomais\/2024\/09\/10\/vida-saude-promove-acoes-no-mes-de-prevencao-ao-suicidio\/","title":{"rendered":"Vida &#038; Sa\u00fade promove a\u00e7\u00f5es no m\u00eas de preven\u00e7\u00e3o ao suic\u00eddio"},"content":{"rendered":"<p>O Hospital Vida &amp; Sa\u00fade, a partir da Unidade de Sa\u00fade Mental, que funciona na Unidade Dom Bosco, refor\u00e7a a campanha Setembro Amarelo: m\u00eas de preven\u00e7\u00e3o ao suic\u00eddio. Com o slogan \u201cSe precisar, pe\u00e7a ajuda!\u201d, tema da campanha deste ano, a Unidade destaca a import\u00e2ncia de buscar profissional e salvar vidas.<\/p>\n<p>No pr\u00f3ximo dia 16, a equipe promover\u00e1 uma atividade recreativa para os pacientes, promovendo a intera\u00e7\u00e3o com a equipe atrav\u00e9s de din\u00e2micas. No dia 26, a programa\u00e7\u00e3o envolver\u00e1 os familiares de pacientes internados com um momento especial de apoio \u00e0s fam\u00edlias. J\u00e1 nos dias 13 e 19 de setembro, ser\u00e3o realizados momentos de reflex\u00e3o para os profissionais do Hospital.<\/p>\n<p>A Unidade de Sa\u00fade Mental conta com 40 leitos, recebendo pacientes de todo o Rio Grande do Sul.<\/p>\n<p><u>\u00a0<\/u><\/p>\n<p>&nbsp;<\/p>\n<p>&nbsp;<\/p>\n","protected":false},"excerpt":{"rendered":"<p>O Hospital Vida &amp; Sa\u00fade, a partir da Unidade de Sa\u00fade Mental, que funciona na Unidade Dom Bosco, refor\u00e7a a campanha Setembro Amarelo: m\u00eas de preven\u00e7\u00e3o ao suic\u00eddio. Com o slogan \u201cSe precisar, pe\u00e7a ajuda!\u201d, tema da campanha deste ano, a Unidade destaca a import\u00e2ncia de buscar profissional e salvar vidas. No pr\u00f3ximo dia 16, [&hellip;]<\/p>\n","protected":false},"author":2,"featured_media":104113,"comment_status":"open","ping_status":"open","sticky":false,"template":"","format":"standard","meta":{"footnotes":""},"categories":[16,24],"tags":[],"class_list":["post-104112","post","type-post","status-publish","format-standard","has-post-thumbnail","hentry","category-destaque","category-saude"],"_links":{"self":[{"href":"https:\/\/ativeagencia.com.br\/radiomais\/wp-json\/wp\/v2\/posts\/104112","targetHints":{"allow":["GET"]}}],"collection":[{"href":"https:\/\/ativeagencia.com.br\/radiomais\/wp-json\/wp\/v2\/posts"}],"about":[{"href":"https:\/\/ativeagencia.com.br\/radiomais\/wp-json\/wp\/v2\/types\/post"}],"author":[{"embeddable":true,"href":"https:\/\/ativeagencia.com.br\/radiomais\/wp-json\/wp\/v2\/users\/2"}],"replies":[{"embeddable":true,"href":"https:\/\/ativeagencia.com.br\/radiomais\/wp-json\/wp\/v2\/comments?post=104112"}],"version-history":[{"count":1,"href":"https:\/\/ativeagencia.com.br\/radiomais\/wp-json\/wp\/v2\/posts\/104112\/revisions"}],"predecessor-version":[{"id":104114,"href":"https:\/\/ativeagencia.com.br\/radiomais\/wp-json\/wp\/v2\/posts\/104112\/revisions\/104114"}],"wp:featuredmedia":[{"embeddable":true,"href":"https:\/\/ativeagencia.com.br\/radiomais\/wp-json\/wp\/v2\/media\/104113"}],"wp:attachment":[{"href":"https:\/\/ativeagencia.com.br\/radiomais\/wp-json\/wp\/v2\/media?parent=104112"}],"wp:term":[{"taxonomy":"category","embeddable":true,"href":"https:\/\/ativeagencia.com.br\/radiomais\/wp-json\/wp\/v2\/categories?post=104112"},{"taxonomy":"post_tag","embeddable":true,"href":"https:\/\/ativeagencia.com.br\/radiomais\/wp-json\/wp\/v2\/tags?post=104112"}],"curies":[{"name":"wp","href":"https:\/\/api.w.org\/{rel}","templated":true}]}}