{"id":104145,"date":"2024-09-11T08:33:17","date_gmt":"2024-09-11T11:33:17","guid":{"rendered":"https:\/\/ativeagencia.com.br\/radiomais\/?p=104145"},"modified":"2024-09-12T14:36:52","modified_gmt":"2024-09-12T17:36:52","slug":"embriagado-homem-e-preso-apos-agredir-companheira","status":"publish","type":"post","link":"https:\/\/ativeagencia.com.br\/radiomais\/2024\/09\/11\/embriagado-homem-e-preso-apos-agredir-companheira\/","title":{"rendered":"Embriagado, homem \u00e9 preso ap\u00f3s agredir companheira"},"content":{"rendered":"<p>Um homem foi preso em flagrante \u00e0s 2h da madrugada desta quarta-feira (11) ap\u00f3s agredir sua companheira. O fato ocorreu no Bairro Cruzeiro \u2013 Santa Rosa.<\/p>\n<p>Segundo a ocorr\u00eancia, ele chegou em casa totalmente embriagado, de tal forma que nem conseguia parar direito em p\u00e9. A mulher reclamou da situa\u00e7\u00e3o e foi agredida a tapas pelo homem. Um vizinho, que \u00e9 policial, interviu e prendeu o indiv\u00edduo, encaminhando \u00e0 Delegacia de Pol\u00edcia.<\/p>\n","protected":false},"excerpt":{"rendered":"<p>Um homem foi preso em flagrante \u00e0s 2h da madrugada desta quarta-feira (11) ap\u00f3s agredir sua companheira. O fato ocorreu no Bairro Cruzeiro \u2013 Santa Rosa. Segundo a ocorr\u00eancia, ele chegou em casa totalmente embriagado, de tal forma que nem conseguia parar direito em p\u00e9. A mulher reclamou da situa\u00e7\u00e3o e foi agredida a tapas [&hellip;]<\/p>\n","protected":false},"author":2,"featured_media":104146,"comment_status":"open","ping_status":"open","sticky":false,"template":"","format":"standard","meta":{"footnotes":""},"categories":[16,43],"tags":[],"class_list":["post-104145","post","type-post","status-publish","format-standard","has-post-thumbnail","hentry","category-destaque","category-policia"],"_links":{"self":[{"href":"https:\/\/ativeagencia.com.br\/radiomais\/wp-json\/wp\/v2\/posts\/104145","targetHints":{"allow":["GET"]}}],"collection":[{"href":"https:\/\/ativeagencia.com.br\/radiomais\/wp-json\/wp\/v2\/posts"}],"about":[{"href":"https:\/\/ativeagencia.com.br\/radiomais\/wp-json\/wp\/v2\/types\/post"}],"author":[{"embeddable":true,"href":"https:\/\/ativeagencia.com.br\/radiomais\/wp-json\/wp\/v2\/users\/2"}],"replies":[{"embeddable":true,"href":"https:\/\/ativeagencia.com.br\/radiomais\/wp-json\/wp\/v2\/comments?post=104145"}],"version-history":[{"count":2,"href":"https:\/\/ativeagencia.com.br\/radiomais\/wp-json\/wp\/v2\/posts\/104145\/revisions"}],"predecessor-version":[{"id":104148,"href":"https:\/\/ativeagencia.com.br\/radiomais\/wp-json\/wp\/v2\/posts\/104145\/revisions\/104148"}],"wp:featuredmedia":[{"embeddable":true,"href":"https:\/\/ativeagencia.com.br\/radiomais\/wp-json\/wp\/v2\/media\/104146"}],"wp:attachment":[{"href":"https:\/\/ativeagencia.com.br\/radiomais\/wp-json\/wp\/v2\/media?parent=104145"}],"wp:term":[{"taxonomy":"category","embeddable":true,"href":"https:\/\/ativeagencia.com.br\/radiomais\/wp-json\/wp\/v2\/categories?post=104145"},{"taxonomy":"post_tag","embeddable":true,"href":"https:\/\/ativeagencia.com.br\/radiomais\/wp-json\/wp\/v2\/tags?post=104145"}],"curies":[{"name":"wp","href":"https:\/\/api.w.org\/{rel}","templated":true}]}}