{"id":104149,"date":"2024-09-11T08:37:21","date_gmt":"2024-09-11T11:37:21","guid":{"rendered":"https:\/\/ativeagencia.com.br\/radiomais\/?p=104149"},"modified":"2024-09-12T14:58:31","modified_gmt":"2024-09-12T17:58:31","slug":"fenasoja-e-lancada-durante-fiesta-del-inmigrante-de-obera","status":"publish","type":"post","link":"https:\/\/ativeagencia.com.br\/radiomais\/2024\/09\/11\/fenasoja-e-lancada-durante-fiesta-del-inmigrante-de-obera\/","title":{"rendered":"Fenasoja \u00e9 lan\u00e7ada durante Fiesta del Inmigrante de Ober\u00e1"},"content":{"rendered":"<p>A Fenasoja 2024 foi lan\u00e7ada oficialmente na Argentina no \u00faltimo final de semana, durante programa\u00e7\u00e3o da 44\u00aa Fiesta Nacional del Inmigrante, de Ober\u00e1-Misiones.<\/p>\n<p>No ato, o presidente da Fenasoja, D\u00e1rio Germano ressaltou que a Feira a cada edi\u00e7\u00e3o recebe cerca de 10 mil estrangeiros e em sua grande maioria argentinos. &#8220;Quero agradecer a este interc\u00e2mbio que temos com a Fiesta del Inmigrante, que proporciona visibilidade para ambos os eventos&#8221;, salientou.<\/p>\n<p>A comitiva santa-rosense foi recebida pela presidente da Federa\u00e7\u00e3o das Coletividades, Marta Wieremiey e membros da comiss\u00e3o organizadora.<\/p>\n<p>A Fiesta del Inmigrante segue at\u00e9 o domingo (15) no Parque das Na\u00e7\u00f5es, em Ober\u00e1.<\/p>\n","protected":false},"excerpt":{"rendered":"<p>A Fenasoja 2024 foi lan\u00e7ada oficialmente na Argentina no \u00faltimo final de semana, durante programa\u00e7\u00e3o da 44\u00aa Fiesta Nacional del Inmigrante, de Ober\u00e1-Misiones. No ato, o presidente da Fenasoja, D\u00e1rio Germano ressaltou que a Feira a cada edi\u00e7\u00e3o recebe cerca de 10 mil estrangeiros e em sua grande maioria argentinos. &#8220;Quero agradecer a este interc\u00e2mbio [&hellip;]<\/p>\n","protected":false},"author":2,"featured_media":104150,"comment_status":"open","ping_status":"open","sticky":false,"template":"","format":"standard","meta":{"footnotes":""},"categories":[16,48],"tags":[],"class_list":["post-104149","post","type-post","status-publish","format-standard","has-post-thumbnail","hentry","category-destaque","category-fenasoja-2024"],"_links":{"self":[{"href":"https:\/\/ativeagencia.com.br\/radiomais\/wp-json\/wp\/v2\/posts\/104149","targetHints":{"allow":["GET"]}}],"collection":[{"href":"https:\/\/ativeagencia.com.br\/radiomais\/wp-json\/wp\/v2\/posts"}],"about":[{"href":"https:\/\/ativeagencia.com.br\/radiomais\/wp-json\/wp\/v2\/types\/post"}],"author":[{"embeddable":true,"href":"https:\/\/ativeagencia.com.br\/radiomais\/wp-json\/wp\/v2\/users\/2"}],"replies":[{"embeddable":true,"href":"https:\/\/ativeagencia.com.br\/radiomais\/wp-json\/wp\/v2\/comments?post=104149"}],"version-history":[{"count":1,"href":"https:\/\/ativeagencia.com.br\/radiomais\/wp-json\/wp\/v2\/posts\/104149\/revisions"}],"predecessor-version":[{"id":104151,"href":"https:\/\/ativeagencia.com.br\/radiomais\/wp-json\/wp\/v2\/posts\/104149\/revisions\/104151"}],"wp:featuredmedia":[{"embeddable":true,"href":"https:\/\/ativeagencia.com.br\/radiomais\/wp-json\/wp\/v2\/media\/104150"}],"wp:attachment":[{"href":"https:\/\/ativeagencia.com.br\/radiomais\/wp-json\/wp\/v2\/media?parent=104149"}],"wp:term":[{"taxonomy":"category","embeddable":true,"href":"https:\/\/ativeagencia.com.br\/radiomais\/wp-json\/wp\/v2\/categories?post=104149"},{"taxonomy":"post_tag","embeddable":true,"href":"https:\/\/ativeagencia.com.br\/radiomais\/wp-json\/wp\/v2\/tags?post=104149"}],"curies":[{"name":"wp","href":"https:\/\/api.w.org\/{rel}","templated":true}]}}