{"id":104152,"date":"2024-09-11T10:00:21","date_gmt":"2024-09-11T13:00:21","guid":{"rendered":"https:\/\/ativeagencia.com.br\/radiomais\/?p=104152"},"modified":"2024-09-12T15:09:02","modified_gmt":"2024-09-12T18:09:02","slug":"clovis-spohr-presidira-proxima-ficat","status":"publish","type":"post","link":"https:\/\/ativeagencia.com.br\/radiomais\/2024\/09\/11\/clovis-spohr-presidira-proxima-ficat\/","title":{"rendered":"Cl\u00f3vis Spohr presidir\u00e1 pr\u00f3xima FICAT"},"content":{"rendered":"<p>O ato de encerramento da FICAT de Tuparendi, nesta ter\u00e7a-feira, marcou tamb\u00e9m o an\u00fancio do presidente da pr\u00f3xima edi\u00e7\u00e3o, que ser\u00e1 comandada pelo empres\u00e1rio Cl\u00f3vis Spohr.<\/p>\n<p>Ele substituir\u00e1 Rubem Marostega, respons\u00e1vel por conduzir a edi\u00e7\u00e3o deste ano, que teve in\u00edcio na \u00faltima sexta-feira e que superou todas as expectativas dos organizadores, tanto em rela\u00e7\u00e3o ao p\u00fablico quanto ao volume de neg\u00f3cios registrados nos cinco dias da feira. Os dados oficiais da FICAT ser\u00e3o divulgados nos pr\u00f3ximos dias.<\/p>\n","protected":false},"excerpt":{"rendered":"<p>O ato de encerramento da FICAT de Tuparendi, nesta ter\u00e7a-feira, marcou tamb\u00e9m o an\u00fancio do presidente da pr\u00f3xima edi\u00e7\u00e3o, que ser\u00e1 comandada pelo empres\u00e1rio Cl\u00f3vis Spohr. Ele substituir\u00e1 Rubem Marostega, respons\u00e1vel por conduzir a edi\u00e7\u00e3o deste ano, que teve in\u00edcio na \u00faltima sexta-feira e que superou todas as expectativas dos organizadores, tanto em rela\u00e7\u00e3o ao [&hellip;]<\/p>\n","protected":false},"author":2,"featured_media":104153,"comment_status":"open","ping_status":"open","sticky":false,"template":"","format":"standard","meta":{"footnotes":""},"categories":[16,13],"tags":[],"class_list":["post-104152","post","type-post","status-publish","format-standard","has-post-thumbnail","hentry","category-destaque","category-geral"],"_links":{"self":[{"href":"https:\/\/ativeagencia.com.br\/radiomais\/wp-json\/wp\/v2\/posts\/104152","targetHints":{"allow":["GET"]}}],"collection":[{"href":"https:\/\/ativeagencia.com.br\/radiomais\/wp-json\/wp\/v2\/posts"}],"about":[{"href":"https:\/\/ativeagencia.com.br\/radiomais\/wp-json\/wp\/v2\/types\/post"}],"author":[{"embeddable":true,"href":"https:\/\/ativeagencia.com.br\/radiomais\/wp-json\/wp\/v2\/users\/2"}],"replies":[{"embeddable":true,"href":"https:\/\/ativeagencia.com.br\/radiomais\/wp-json\/wp\/v2\/comments?post=104152"}],"version-history":[{"count":1,"href":"https:\/\/ativeagencia.com.br\/radiomais\/wp-json\/wp\/v2\/posts\/104152\/revisions"}],"predecessor-version":[{"id":104154,"href":"https:\/\/ativeagencia.com.br\/radiomais\/wp-json\/wp\/v2\/posts\/104152\/revisions\/104154"}],"wp:featuredmedia":[{"embeddable":true,"href":"https:\/\/ativeagencia.com.br\/radiomais\/wp-json\/wp\/v2\/media\/104153"}],"wp:attachment":[{"href":"https:\/\/ativeagencia.com.br\/radiomais\/wp-json\/wp\/v2\/media?parent=104152"}],"wp:term":[{"taxonomy":"category","embeddable":true,"href":"https:\/\/ativeagencia.com.br\/radiomais\/wp-json\/wp\/v2\/categories?post=104152"},{"taxonomy":"post_tag","embeddable":true,"href":"https:\/\/ativeagencia.com.br\/radiomais\/wp-json\/wp\/v2\/tags?post=104152"}],"curies":[{"name":"wp","href":"https:\/\/api.w.org\/{rel}","templated":true}]}}