{"id":104155,"date":"2024-09-11T15:12:08","date_gmt":"2024-09-11T18:12:08","guid":{"rendered":"https:\/\/ativeagencia.com.br\/radiomais\/?p=104155"},"modified":"2024-09-12T15:14:58","modified_gmt":"2024-09-12T18:14:58","slug":"104155","status":"publish","type":"post","link":"https:\/\/ativeagencia.com.br\/radiomais\/2024\/09\/11\/104155\/","title":{"rendered":"\u201cTarado\u201d \u00e9 preso importunando menor no centro de Santa Rosa"},"content":{"rendered":"<p>A Brigada Militar prendeu nesta ter\u00e7a-feira no centro de Santa Rosa, um homem que importunava sexualmente uma menor de idade.<\/p>\n<p>O \u2018tarado\u2019 estava na Rua J\u00falio Rauber, onde abordou a menina, convidando-a para que fosse para a casa dele fazer uma massagem. Al\u00e9m disso, abriu o z\u00edper da cal\u00e7a para mostrar as partes \u00edntimas, al\u00e9m de tentar agarr\u00e1-la a for\u00e7a.<\/p>\n<p>A BM foi acionada e prendeu o homem, encaminhado \u00e0 Delegacia de Pol\u00edcia.<\/p>\n","protected":false},"excerpt":{"rendered":"<p>A Brigada Militar prendeu nesta ter\u00e7a-feira no centro de Santa Rosa, um homem que importunava sexualmente uma menor de idade. O \u2018tarado\u2019 estava na Rua J\u00falio Rauber, onde abordou a menina, convidando-a para que fosse para a casa dele fazer uma massagem. Al\u00e9m disso, abriu o z\u00edper da cal\u00e7a para mostrar as partes \u00edntimas, al\u00e9m [&hellip;]<\/p>\n","protected":false},"author":2,"featured_media":104156,"comment_status":"open","ping_status":"open","sticky":false,"template":"","format":"standard","meta":{"footnotes":""},"categories":[16,43],"tags":[],"class_list":["post-104155","post","type-post","status-publish","format-standard","has-post-thumbnail","hentry","category-destaque","category-policia"],"_links":{"self":[{"href":"https:\/\/ativeagencia.com.br\/radiomais\/wp-json\/wp\/v2\/posts\/104155","targetHints":{"allow":["GET"]}}],"collection":[{"href":"https:\/\/ativeagencia.com.br\/radiomais\/wp-json\/wp\/v2\/posts"}],"about":[{"href":"https:\/\/ativeagencia.com.br\/radiomais\/wp-json\/wp\/v2\/types\/post"}],"author":[{"embeddable":true,"href":"https:\/\/ativeagencia.com.br\/radiomais\/wp-json\/wp\/v2\/users\/2"}],"replies":[{"embeddable":true,"href":"https:\/\/ativeagencia.com.br\/radiomais\/wp-json\/wp\/v2\/comments?post=104155"}],"version-history":[{"count":2,"href":"https:\/\/ativeagencia.com.br\/radiomais\/wp-json\/wp\/v2\/posts\/104155\/revisions"}],"predecessor-version":[{"id":104159,"href":"https:\/\/ativeagencia.com.br\/radiomais\/wp-json\/wp\/v2\/posts\/104155\/revisions\/104159"}],"wp:featuredmedia":[{"embeddable":true,"href":"https:\/\/ativeagencia.com.br\/radiomais\/wp-json\/wp\/v2\/media\/104156"}],"wp:attachment":[{"href":"https:\/\/ativeagencia.com.br\/radiomais\/wp-json\/wp\/v2\/media?parent=104155"}],"wp:term":[{"taxonomy":"category","embeddable":true,"href":"https:\/\/ativeagencia.com.br\/radiomais\/wp-json\/wp\/v2\/categories?post=104155"},{"taxonomy":"post_tag","embeddable":true,"href":"https:\/\/ativeagencia.com.br\/radiomais\/wp-json\/wp\/v2\/tags?post=104155"}],"curies":[{"name":"wp","href":"https:\/\/api.w.org\/{rel}","templated":true}]}}