{"id":104166,"date":"2024-09-11T16:33:09","date_gmt":"2024-09-11T19:33:09","guid":{"rendered":"https:\/\/ativeagencia.com.br\/radiomais\/?p=104166"},"modified":"2024-09-12T16:35:31","modified_gmt":"2024-09-12T19:35:31","slug":"horario-de-verao-de-volta-no-brasil","status":"publish","type":"post","link":"https:\/\/ativeagencia.com.br\/radiomais\/2024\/09\/11\/horario-de-verao-de-volta-no-brasil\/","title":{"rendered":"Hor\u00e1rio de Ver\u00e3o de volta no Brasil?"},"content":{"rendered":"<p>O ministro de Minas e Energia, Alexandre Silveira, afirmou nesta quarta-feira (11), que uma eventual volta do Hor\u00e1rio de Ver\u00e3o \u00e9 avaliada internamente pelo governo federal.<\/p>\n<p>&#8220;Estamos em uma fase de avalia\u00e7\u00e3o da necessidade ou n\u00e3o. Al\u00e9m da quest\u00e3o energ\u00e9tica, h\u00e1 outros efeitos que precisam ser avaliados, como o impacto na economia&#8221;, disse o ministro.<\/p>\n<p>A discuss\u00e3o ocorre neste momento por conta da seca no pa\u00eds e da possibilidade de esse instrumento ser usado para economizar energia. Estudos feitos h\u00e1 alguns anos demonstraram, por\u00e9m, que o hor\u00e1rio de ver\u00e3o tinha com um efeito contr\u00e1rio: gastava-se mais energia do que o normal, por conta de novos h\u00e1bitos de consumo.<\/p>\n<p>Apesar das quest\u00f5es t\u00e9cnicas, a decis\u00e3o ser\u00e1 pol\u00edtica e tomada em conjunto com o Pal\u00e1cio do Planalto, justamente porque j\u00e1 d\u00favidas sobre os benef\u00edcios da medida para o setor.<\/p>\n<p>O Hor\u00e1rio de Ver\u00e3o no Brasil foi extinto em abril de 2019, no governo de Jair Bolsonaro. O adiantamento dos rel\u00f3gios em uma hora era justificado pela necessidade de redu\u00e7\u00e3o de consumo de energia el\u00e9trica.<\/p>\n","protected":false},"excerpt":{"rendered":"<p>O ministro de Minas e Energia, Alexandre Silveira, afirmou nesta quarta-feira (11), que uma eventual volta do Hor\u00e1rio de Ver\u00e3o \u00e9 avaliada internamente pelo governo federal. &#8220;Estamos em uma fase de avalia\u00e7\u00e3o da necessidade ou n\u00e3o. Al\u00e9m da quest\u00e3o energ\u00e9tica, h\u00e1 outros efeitos que precisam ser avaliados, como o impacto na economia&#8221;, disse o ministro. [&hellip;]<\/p>\n","protected":false},"author":2,"featured_media":104167,"comment_status":"open","ping_status":"open","sticky":false,"template":"","format":"standard","meta":{"footnotes":""},"categories":[16,13],"tags":[],"class_list":["post-104166","post","type-post","status-publish","format-standard","has-post-thumbnail","hentry","category-destaque","category-geral"],"_links":{"self":[{"href":"https:\/\/ativeagencia.com.br\/radiomais\/wp-json\/wp\/v2\/posts\/104166","targetHints":{"allow":["GET"]}}],"collection":[{"href":"https:\/\/ativeagencia.com.br\/radiomais\/wp-json\/wp\/v2\/posts"}],"about":[{"href":"https:\/\/ativeagencia.com.br\/radiomais\/wp-json\/wp\/v2\/types\/post"}],"author":[{"embeddable":true,"href":"https:\/\/ativeagencia.com.br\/radiomais\/wp-json\/wp\/v2\/users\/2"}],"replies":[{"embeddable":true,"href":"https:\/\/ativeagencia.com.br\/radiomais\/wp-json\/wp\/v2\/comments?post=104166"}],"version-history":[{"count":1,"href":"https:\/\/ativeagencia.com.br\/radiomais\/wp-json\/wp\/v2\/posts\/104166\/revisions"}],"predecessor-version":[{"id":104168,"href":"https:\/\/ativeagencia.com.br\/radiomais\/wp-json\/wp\/v2\/posts\/104166\/revisions\/104168"}],"wp:featuredmedia":[{"embeddable":true,"href":"https:\/\/ativeagencia.com.br\/radiomais\/wp-json\/wp\/v2\/media\/104167"}],"wp:attachment":[{"href":"https:\/\/ativeagencia.com.br\/radiomais\/wp-json\/wp\/v2\/media?parent=104166"}],"wp:term":[{"taxonomy":"category","embeddable":true,"href":"https:\/\/ativeagencia.com.br\/radiomais\/wp-json\/wp\/v2\/categories?post=104166"},{"taxonomy":"post_tag","embeddable":true,"href":"https:\/\/ativeagencia.com.br\/radiomais\/wp-json\/wp\/v2\/tags?post=104166"}],"curies":[{"name":"wp","href":"https:\/\/api.w.org\/{rel}","templated":true}]}}