{"id":104169,"date":"2024-09-12T08:00:59","date_gmt":"2024-09-12T11:00:59","guid":{"rendered":"https:\/\/ativeagencia.com.br\/radiomais\/?p=104169"},"modified":"2024-09-12T15:27:33","modified_gmt":"2024-09-12T18:27:33","slug":"deputados-aprovam-lei-que-aumenta-pena-de-prisao-por-feminicidio","status":"publish","type":"post","link":"https:\/\/ativeagencia.com.br\/radiomais\/2024\/09\/12\/deputados-aprovam-lei-que-aumenta-pena-de-prisao-por-feminicidio\/","title":{"rendered":"Deputados aprovam lei que aumenta pena de pris\u00e3o por feminic\u00eddio"},"content":{"rendered":"<p>A C\u00e2mara dos Deputados aprovou na noite desta quarta-feira (11), projeto de lei que aumenta a pena de pris\u00e3o por feminic\u00eddio, de 20 (m\u00ednima) para 40 anos (m\u00e1xima). Atualmente, a lei prev\u00ea pris\u00e3o de 12 a 30 anos.<\/p>\n<p>O projeto tamb\u00e9m impede que o autor do crime fique em liberdade condicional mesmo se for r\u00e9u prim\u00e1rio. Agora, o texto segue para san\u00e7\u00e3o presidencial.<\/p>\n<p>Se for aprovado, o feminic\u00eddio passar\u00e1 a ser o primeiro crime com pena prevista de at\u00e9 40 anos, ainda maior que a do homic\u00eddio qualificado.<\/p>\n","protected":false},"excerpt":{"rendered":"<p>A C\u00e2mara dos Deputados aprovou na noite desta quarta-feira (11), projeto de lei que aumenta a pena de pris\u00e3o por feminic\u00eddio, de 20 (m\u00ednima) para 40 anos (m\u00e1xima). Atualmente, a lei prev\u00ea pris\u00e3o de 12 a 30 anos. O projeto tamb\u00e9m impede que o autor do crime fique em liberdade condicional mesmo se for r\u00e9u [&hellip;]<\/p>\n","protected":false},"author":2,"featured_media":104170,"comment_status":"open","ping_status":"open","sticky":false,"template":"","format":"standard","meta":{"footnotes":""},"categories":[16,13],"tags":[],"class_list":["post-104169","post","type-post","status-publish","format-standard","has-post-thumbnail","hentry","category-destaque","category-geral"],"_links":{"self":[{"href":"https:\/\/ativeagencia.com.br\/radiomais\/wp-json\/wp\/v2\/posts\/104169","targetHints":{"allow":["GET"]}}],"collection":[{"href":"https:\/\/ativeagencia.com.br\/radiomais\/wp-json\/wp\/v2\/posts"}],"about":[{"href":"https:\/\/ativeagencia.com.br\/radiomais\/wp-json\/wp\/v2\/types\/post"}],"author":[{"embeddable":true,"href":"https:\/\/ativeagencia.com.br\/radiomais\/wp-json\/wp\/v2\/users\/2"}],"replies":[{"embeddable":true,"href":"https:\/\/ativeagencia.com.br\/radiomais\/wp-json\/wp\/v2\/comments?post=104169"}],"version-history":[{"count":1,"href":"https:\/\/ativeagencia.com.br\/radiomais\/wp-json\/wp\/v2\/posts\/104169\/revisions"}],"predecessor-version":[{"id":104171,"href":"https:\/\/ativeagencia.com.br\/radiomais\/wp-json\/wp\/v2\/posts\/104169\/revisions\/104171"}],"wp:featuredmedia":[{"embeddable":true,"href":"https:\/\/ativeagencia.com.br\/radiomais\/wp-json\/wp\/v2\/media\/104170"}],"wp:attachment":[{"href":"https:\/\/ativeagencia.com.br\/radiomais\/wp-json\/wp\/v2\/media?parent=104169"}],"wp:term":[{"taxonomy":"category","embeddable":true,"href":"https:\/\/ativeagencia.com.br\/radiomais\/wp-json\/wp\/v2\/categories?post=104169"},{"taxonomy":"post_tag","embeddable":true,"href":"https:\/\/ativeagencia.com.br\/radiomais\/wp-json\/wp\/v2\/tags?post=104169"}],"curies":[{"name":"wp","href":"https:\/\/api.w.org\/{rel}","templated":true}]}}