{"id":104172,"date":"2024-09-12T09:00:58","date_gmt":"2024-09-12T12:00:58","guid":{"rendered":"https:\/\/ativeagencia.com.br\/radiomais\/?p=104172"},"modified":"2024-09-12T15:58:45","modified_gmt":"2024-09-12T18:58:45","slug":"incendio-destroi-parte-da-floresta-da-faber-castell","status":"publish","type":"post","link":"https:\/\/ativeagencia.com.br\/radiomais\/2024\/09\/12\/incendio-destroi-parte-da-floresta-da-faber-castell\/","title":{"rendered":"Inc\u00eandio destr\u00f3i parte da floresta da Faber-Castell"},"content":{"rendered":"<p>A floresta que a ind\u00fastria Faber-Castell tem na regi\u00e3o de Prata, em Minas Gerais, foi atingida por inc\u00eandio nesta semana.<\/p>\n<p>O local, onde h\u00e1 quadro d\u00e9cadas a ind\u00fastria planta \u00e1rvores para a produ\u00e7\u00e3o de l\u00e1pis, foi atingido na manh\u00e3 do \u00faltimo s\u00e1bado e \u00e9 mais um dos in\u00fameros lugares que est\u00e3o sendo destru\u00eddos pelas queimadas no Brasil.<\/p>\n<p>Parte da floresta de pinus foi totalmente consumida pelas chamas. Segundo a Faber-Castell, o inc\u00eandio n\u00e3o comprometeu a produ\u00e7\u00e3o de l\u00e1pis. Segundo a ind\u00fastria, ela mant\u00e9m 11 parques florestais na regi\u00e3o, mas apenas um deles foi parcialmente atingido pelo inc\u00eandio.<\/p>\n<p>Conforme os bombeiros, o inc\u00eandio na regi\u00e3o come\u00e7ou \u00e0s margens da rodovia, atingiu uma planta\u00e7\u00e3o de seringueiras e a floresta de pinus da Faber-Castell. Cerca de 45 pessoas, entre brigadistas e bombeiros atuaram para combater o fogo na regi\u00e3o.<\/p>\n","protected":false},"excerpt":{"rendered":"<p>A floresta que a ind\u00fastria Faber-Castell tem na regi\u00e3o de Prata, em Minas Gerais, foi atingida por inc\u00eandio nesta semana. O local, onde h\u00e1 quadro d\u00e9cadas a ind\u00fastria planta \u00e1rvores para a produ\u00e7\u00e3o de l\u00e1pis, foi atingido na manh\u00e3 do \u00faltimo s\u00e1bado e \u00e9 mais um dos in\u00fameros lugares que est\u00e3o sendo destru\u00eddos pelas queimadas [&hellip;]<\/p>\n","protected":false},"author":2,"featured_media":104173,"comment_status":"open","ping_status":"open","sticky":false,"template":"","format":"standard","meta":{"footnotes":""},"categories":[16,13],"tags":[],"class_list":["post-104172","post","type-post","status-publish","format-standard","has-post-thumbnail","hentry","category-destaque","category-geral"],"_links":{"self":[{"href":"https:\/\/ativeagencia.com.br\/radiomais\/wp-json\/wp\/v2\/posts\/104172","targetHints":{"allow":["GET"]}}],"collection":[{"href":"https:\/\/ativeagencia.com.br\/radiomais\/wp-json\/wp\/v2\/posts"}],"about":[{"href":"https:\/\/ativeagencia.com.br\/radiomais\/wp-json\/wp\/v2\/types\/post"}],"author":[{"embeddable":true,"href":"https:\/\/ativeagencia.com.br\/radiomais\/wp-json\/wp\/v2\/users\/2"}],"replies":[{"embeddable":true,"href":"https:\/\/ativeagencia.com.br\/radiomais\/wp-json\/wp\/v2\/comments?post=104172"}],"version-history":[{"count":1,"href":"https:\/\/ativeagencia.com.br\/radiomais\/wp-json\/wp\/v2\/posts\/104172\/revisions"}],"predecessor-version":[{"id":104174,"href":"https:\/\/ativeagencia.com.br\/radiomais\/wp-json\/wp\/v2\/posts\/104172\/revisions\/104174"}],"wp:featuredmedia":[{"embeddable":true,"href":"https:\/\/ativeagencia.com.br\/radiomais\/wp-json\/wp\/v2\/media\/104173"}],"wp:attachment":[{"href":"https:\/\/ativeagencia.com.br\/radiomais\/wp-json\/wp\/v2\/media?parent=104172"}],"wp:term":[{"taxonomy":"category","embeddable":true,"href":"https:\/\/ativeagencia.com.br\/radiomais\/wp-json\/wp\/v2\/categories?post=104172"},{"taxonomy":"post_tag","embeddable":true,"href":"https:\/\/ativeagencia.com.br\/radiomais\/wp-json\/wp\/v2\/tags?post=104172"}],"curies":[{"name":"wp","href":"https:\/\/api.w.org\/{rel}","templated":true}]}}