{"id":104175,"date":"2024-09-12T09:00:29","date_gmt":"2024-09-12T12:00:29","guid":{"rendered":"https:\/\/ativeagencia.com.br\/radiomais\/?p=104175"},"modified":"2024-09-12T16:03:27","modified_gmt":"2024-09-12T19:03:27","slug":"projeto-de-infraestrutura-digital-no-rs-tera-investimento-de-r-3-bilhoes","status":"publish","type":"post","link":"https:\/\/ativeagencia.com.br\/radiomais\/2024\/09\/12\/projeto-de-infraestrutura-digital-no-rs-tera-investimento-de-r-3-bilhoes\/","title":{"rendered":"Projeto de infraestrutura digital no RS ter\u00e1 investimento de R$ 3 bilh\u00f5es"},"content":{"rendered":"<p>O governo do Rio Grande do Sul, por meio da Secretaria de Desenvolvimento Econ\u00f4mico, e a Scala Data Centers, assinaram nesta quarta-feira (11) protocolo de inten\u00e7\u00f5es para viabilizar a constru\u00e7\u00e3o do maior e mais inovador empreendimento de infraestrutura digital da Am\u00e9rica do Sul, a Scala AI City.<\/p>\n<p>A \u201ccidade de data centers\u201d compreende um investimento inicial de cerca de R$ 3 bilh\u00f5es apenas na primeira fase, representando um passo decisivo para posicionar o Brasil como um polo central na revolu\u00e7\u00e3o global da intelig\u00eancia artificial (IA) e na transforma\u00e7\u00e3o do Rio Grande do Sul por meio do potencial econ\u00f4mico da infraestrutura digital. Com a assinatura do documento, o Estado assume o compromisso de viabilizar a estrutura do ponto de vista governamental, criando o primeiro distrito industrial de data centers do pa\u00eds.<\/p>\n<p>A Scala AI City ser\u00e1 implantada em uma \u00e1rea estrat\u00e9gica em Eldorado do Sul, na Regi\u00e3o Metropolitana de Porto Alegre. A escolha do local se deve \u00e0 sua seguran\u00e7a comprovada em rela\u00e7\u00e3o a desastres naturais (inclusive diante de eventos clim\u00e1ticos), \u00e0 abundante oferta de energia el\u00e9trica e \u00e0 capacidade imobili\u00e1ria que permite uma expans\u00e3o cont\u00ednua por d\u00e9cadas.<\/p>\n<p>O empreendimento ser\u00e1 interligado ao data center SPOAPA01 da Scala, localizado em Porto Alegre<\/p>\n<p>Para o secret\u00e1rio de Desenvolvimento Econ\u00f4mico, Ernani Polo, o an\u00fancio demonstra que o mercado de tecnologia no Rio Grande do Sul \u00e9 atrativo e est\u00e1 em expans\u00e3o. \u201cN\u00f3s somos um Estado inovador, com muitas iniciativas voltadas para a \u00e1rea tecnol\u00f3gica. O investimento da Scala comprova que o Estado tem muito a oferecer ao setor, como a proximidade com os pa\u00edses do Mercosul e um ambiente de neg\u00f3cios favor\u00e1vel\u201d, disse.<\/p>\n<p>A constru\u00e7\u00e3o da Scala AI City gerar\u00e1 mais de 3 mil novos empregos diretos e indiretos na primeira fase.<\/p>\n","protected":false},"excerpt":{"rendered":"<p>O governo do Rio Grande do Sul, por meio da Secretaria de Desenvolvimento Econ\u00f4mico, e a Scala Data Centers, assinaram nesta quarta-feira (11) protocolo de inten\u00e7\u00f5es para viabilizar a constru\u00e7\u00e3o do maior e mais inovador empreendimento de infraestrutura digital da Am\u00e9rica do Sul, a Scala AI City. A \u201ccidade de data centers\u201d compreende um investimento [&hellip;]<\/p>\n","protected":false},"author":2,"featured_media":104176,"comment_status":"open","ping_status":"open","sticky":false,"template":"","format":"standard","meta":{"footnotes":""},"categories":[16,13],"tags":[],"class_list":["post-104175","post","type-post","status-publish","format-standard","has-post-thumbnail","hentry","category-destaque","category-geral"],"_links":{"self":[{"href":"https:\/\/ativeagencia.com.br\/radiomais\/wp-json\/wp\/v2\/posts\/104175","targetHints":{"allow":["GET"]}}],"collection":[{"href":"https:\/\/ativeagencia.com.br\/radiomais\/wp-json\/wp\/v2\/posts"}],"about":[{"href":"https:\/\/ativeagencia.com.br\/radiomais\/wp-json\/wp\/v2\/types\/post"}],"author":[{"embeddable":true,"href":"https:\/\/ativeagencia.com.br\/radiomais\/wp-json\/wp\/v2\/users\/2"}],"replies":[{"embeddable":true,"href":"https:\/\/ativeagencia.com.br\/radiomais\/wp-json\/wp\/v2\/comments?post=104175"}],"version-history":[{"count":1,"href":"https:\/\/ativeagencia.com.br\/radiomais\/wp-json\/wp\/v2\/posts\/104175\/revisions"}],"predecessor-version":[{"id":104177,"href":"https:\/\/ativeagencia.com.br\/radiomais\/wp-json\/wp\/v2\/posts\/104175\/revisions\/104177"}],"wp:featuredmedia":[{"embeddable":true,"href":"https:\/\/ativeagencia.com.br\/radiomais\/wp-json\/wp\/v2\/media\/104176"}],"wp:attachment":[{"href":"https:\/\/ativeagencia.com.br\/radiomais\/wp-json\/wp\/v2\/media?parent=104175"}],"wp:term":[{"taxonomy":"category","embeddable":true,"href":"https:\/\/ativeagencia.com.br\/radiomais\/wp-json\/wp\/v2\/categories?post=104175"},{"taxonomy":"post_tag","embeddable":true,"href":"https:\/\/ativeagencia.com.br\/radiomais\/wp-json\/wp\/v2\/tags?post=104175"}],"curies":[{"name":"wp","href":"https:\/\/api.w.org\/{rel}","templated":true}]}}