{"id":104178,"date":"2024-09-12T16:06:24","date_gmt":"2024-09-12T19:06:24","guid":{"rendered":"https:\/\/ativeagencia.com.br\/radiomais\/?p=104178"},"modified":"2024-09-12T16:12:55","modified_gmt":"2024-09-12T19:12:55","slug":"conselho-indica-o-nome-do-empresario-cassio-feltes-para-presidir-acisap","status":"publish","type":"post","link":"https:\/\/ativeagencia.com.br\/radiomais\/2024\/09\/12\/conselho-indica-o-nome-do-empresario-cassio-feltes-para-presidir-acisap\/","title":{"rendered":"Conselho indica o nome do empres\u00e1rio C\u00e1ssio Feltes para presidir ACISAP"},"content":{"rendered":"<p>O Conselho Consultivo Permanente (CCP) da Associa\u00e7\u00e3o Comercial, Industrial, Servi\u00e7os e Agroneg\u00f3cios (ACISAP) de Santa Rosa, indicou o nome do empres\u00e1rio C\u00e1ssio Ricardo Feltes para assumir a presid\u00eancia da entidade, em substitui\u00e7\u00e3o a Douglas Marques. A elei\u00e7\u00e3o est\u00e1 programada para dezembro e o mandato \u00e9 de dois anos.<\/p>\n<p>Feltes foi vice-presidente de Com\u00e9rcio da entidade nas gest\u00f5es de Odaylson Eder (2020) e L\u00eddia Linck (2021-2022).<\/p>\n<p>O empres\u00e1rio, que \u00e9 propriet\u00e1rio da Deisicon Importadora e Distribuidora Ltda \u00e9 atualmente presidente da Ag\u00eancia de Desenvolvimento Fronteira Noroeste.<\/p>\n<p>Sua trajet\u00f3ria inclui um expressivo envolvimento com o voluntariado. Al\u00e9m das atua\u00e7\u00f5es na ACISAP, foi diretor da Federa\u00e7\u00e3o Econ\u00f4mica Brasil, Argentina e Paraguai (FEBAP).<\/p>\n","protected":false},"excerpt":{"rendered":"<p>O Conselho Consultivo Permanente (CCP) da Associa\u00e7\u00e3o Comercial, Industrial, Servi\u00e7os e Agroneg\u00f3cios (ACISAP) de Santa Rosa, indicou o nome do empres\u00e1rio C\u00e1ssio Ricardo Feltes para assumir a presid\u00eancia da entidade, em substitui\u00e7\u00e3o a Douglas Marques. A elei\u00e7\u00e3o est\u00e1 programada para dezembro e o mandato \u00e9 de dois anos. Feltes foi vice-presidente de Com\u00e9rcio da entidade [&hellip;]<\/p>\n","protected":false},"author":2,"featured_media":104184,"comment_status":"open","ping_status":"open","sticky":false,"template":"","format":"standard","meta":{"footnotes":""},"categories":[16,13],"tags":[],"class_list":["post-104178","post","type-post","status-publish","format-standard","has-post-thumbnail","hentry","category-destaque","category-geral"],"_links":{"self":[{"href":"https:\/\/ativeagencia.com.br\/radiomais\/wp-json\/wp\/v2\/posts\/104178","targetHints":{"allow":["GET"]}}],"collection":[{"href":"https:\/\/ativeagencia.com.br\/radiomais\/wp-json\/wp\/v2\/posts"}],"about":[{"href":"https:\/\/ativeagencia.com.br\/radiomais\/wp-json\/wp\/v2\/types\/post"}],"author":[{"embeddable":true,"href":"https:\/\/ativeagencia.com.br\/radiomais\/wp-json\/wp\/v2\/users\/2"}],"replies":[{"embeddable":true,"href":"https:\/\/ativeagencia.com.br\/radiomais\/wp-json\/wp\/v2\/comments?post=104178"}],"version-history":[{"count":1,"href":"https:\/\/ativeagencia.com.br\/radiomais\/wp-json\/wp\/v2\/posts\/104178\/revisions"}],"predecessor-version":[{"id":104180,"href":"https:\/\/ativeagencia.com.br\/radiomais\/wp-json\/wp\/v2\/posts\/104178\/revisions\/104180"}],"wp:featuredmedia":[{"embeddable":true,"href":"https:\/\/ativeagencia.com.br\/radiomais\/wp-json\/wp\/v2\/media\/104184"}],"wp:attachment":[{"href":"https:\/\/ativeagencia.com.br\/radiomais\/wp-json\/wp\/v2\/media?parent=104178"}],"wp:term":[{"taxonomy":"category","embeddable":true,"href":"https:\/\/ativeagencia.com.br\/radiomais\/wp-json\/wp\/v2\/categories?post=104178"},{"taxonomy":"post_tag","embeddable":true,"href":"https:\/\/ativeagencia.com.br\/radiomais\/wp-json\/wp\/v2\/tags?post=104178"}],"curies":[{"name":"wp","href":"https:\/\/api.w.org\/{rel}","templated":true}]}}