{"id":104181,"date":"2024-09-12T16:09:19","date_gmt":"2024-09-12T19:09:19","guid":{"rendered":"https:\/\/ativeagencia.com.br\/radiomais\/?p=104181"},"modified":"2024-09-12T16:09:19","modified_gmt":"2024-09-12T19:09:19","slug":"policia-rodoviaria-federal-e-bm-prendem-traficante-com-272-kg-de-maconha","status":"publish","type":"post","link":"https:\/\/ativeagencia.com.br\/radiomais\/2024\/09\/12\/policia-rodoviaria-federal-e-bm-prendem-traficante-com-272-kg-de-maconha\/","title":{"rendered":"Pol\u00edcia Rodovi\u00e1ria Federal e BM prendem traficante com 272 kg de maconha"},"content":{"rendered":"<p>A Pol\u00edcia Rodovi\u00e1ria Federal, com apoio da Brigada Militar, prendeu na madrugada desta quinta-feira (12) na BR 290, em Uruguaiana, um traficante, de 28 anos. Com ele, 272 quilos de maconha.<\/p>\n<p>O homem, que estava em um Vectra, com placas de Santa Rosa, contou aos policiais que havia partido com o carro carregado com a droga de S\u00e3o Luiz Gonzaga e teria como destino final a cidade de Uruguaiana.<\/p>\n<p>Antes de ser preso, o homem havia ignorado o sinal para parar na rodovia, saindo em fuga. Foi perseguido e, ap\u00f3s seis quil\u00f4metros, abandonou o ve\u00edculo, entrando em um supermercado, por\u00e9m, localizado pelos policiais.<\/p>\n<p>Natural de Santo \u00c2ngelo, ele possu\u00eda antecedentes criminais por tr\u00e1fico de drogas.<\/p>\n","protected":false},"excerpt":{"rendered":"<p>A Pol\u00edcia Rodovi\u00e1ria Federal, com apoio da Brigada Militar, prendeu na madrugada desta quinta-feira (12) na BR 290, em Uruguaiana, um traficante, de 28 anos. Com ele, 272 quilos de maconha. O homem, que estava em um Vectra, com placas de Santa Rosa, contou aos policiais que havia partido com o carro carregado com a [&hellip;]<\/p>\n","protected":false},"author":2,"featured_media":104182,"comment_status":"open","ping_status":"open","sticky":false,"template":"","format":"standard","meta":{"footnotes":""},"categories":[16,43],"tags":[],"class_list":["post-104181","post","type-post","status-publish","format-standard","has-post-thumbnail","hentry","category-destaque","category-policia"],"_links":{"self":[{"href":"https:\/\/ativeagencia.com.br\/radiomais\/wp-json\/wp\/v2\/posts\/104181","targetHints":{"allow":["GET"]}}],"collection":[{"href":"https:\/\/ativeagencia.com.br\/radiomais\/wp-json\/wp\/v2\/posts"}],"about":[{"href":"https:\/\/ativeagencia.com.br\/radiomais\/wp-json\/wp\/v2\/types\/post"}],"author":[{"embeddable":true,"href":"https:\/\/ativeagencia.com.br\/radiomais\/wp-json\/wp\/v2\/users\/2"}],"replies":[{"embeddable":true,"href":"https:\/\/ativeagencia.com.br\/radiomais\/wp-json\/wp\/v2\/comments?post=104181"}],"version-history":[{"count":1,"href":"https:\/\/ativeagencia.com.br\/radiomais\/wp-json\/wp\/v2\/posts\/104181\/revisions"}],"predecessor-version":[{"id":104183,"href":"https:\/\/ativeagencia.com.br\/radiomais\/wp-json\/wp\/v2\/posts\/104181\/revisions\/104183"}],"wp:featuredmedia":[{"embeddable":true,"href":"https:\/\/ativeagencia.com.br\/radiomais\/wp-json\/wp\/v2\/media\/104182"}],"wp:attachment":[{"href":"https:\/\/ativeagencia.com.br\/radiomais\/wp-json\/wp\/v2\/media?parent=104181"}],"wp:term":[{"taxonomy":"category","embeddable":true,"href":"https:\/\/ativeagencia.com.br\/radiomais\/wp-json\/wp\/v2\/categories?post=104181"},{"taxonomy":"post_tag","embeddable":true,"href":"https:\/\/ativeagencia.com.br\/radiomais\/wp-json\/wp\/v2\/tags?post=104181"}],"curies":[{"name":"wp","href":"https:\/\/api.w.org\/{rel}","templated":true}]}}