{"id":104186,"date":"2024-09-12T16:19:03","date_gmt":"2024-09-12T19:19:03","guid":{"rendered":"https:\/\/ativeagencia.com.br\/radiomais\/?p=104186"},"modified":"2024-09-12T16:19:03","modified_gmt":"2024-09-12T19:19:03","slug":"show-no-sesc-de-santa-rosa-fara-tributo-a-secos-molhados","status":"publish","type":"post","link":"https:\/\/ativeagencia.com.br\/radiomais\/2024\/09\/12\/show-no-sesc-de-santa-rosa-fara-tributo-a-secos-molhados\/","title":{"rendered":"Show no SESC de Santa Rosa far\u00e1 tributo a Secos &#038; Molhados"},"content":{"rendered":"<p>Santa Rosa recebe no dia 17 de setembro o espet\u00e1culo &#8220;Tributo Secos &amp; Molhados &#8211; Especial 50 anos&#8221;, idealizado pelo m\u00fasico, compositor e int\u00e9rprete ga\u00facho Marcos Delfino. Ser\u00e1 no SESC, a partir das 20h.<\/p>\n<p>O show \u00e9 uma homenagem aos dois primeiros \u00e1lbuns de um dos grupos mais ic\u00f4nicos do Rock Brasil, que marcou a hist\u00f3ria da m\u00fasica brasileira nos anos 70 e que teve entre seus int\u00e9rpretes Ney Matogrosso.<\/p>\n<p>No repert\u00f3rio, cl\u00e1ssicos como \u201cO Vira\u201d, \u201cRosa de Hiroshima\u201d, \u201cSangue Latino\u201d e \u201cFlores Astrais\u201d.<br \/>\nOs ingressos est\u00e3o sendo comercializados no SESC de Santa Rosa. Informa\u00e7\u00f5es pelo fone (55) 35126044.<\/p>\n","protected":false},"excerpt":{"rendered":"<p>Santa Rosa recebe no dia 17 de setembro o espet\u00e1culo &#8220;Tributo Secos &amp; Molhados &#8211; Especial 50 anos&#8221;, idealizado pelo m\u00fasico, compositor e int\u00e9rprete ga\u00facho Marcos Delfino. Ser\u00e1 no SESC, a partir das 20h. O show \u00e9 uma homenagem aos dois primeiros \u00e1lbuns de um dos grupos mais ic\u00f4nicos do Rock Brasil, que marcou a [&hellip;]<\/p>\n","protected":false},"author":2,"featured_media":104187,"comment_status":"open","ping_status":"open","sticky":false,"template":"","format":"standard","meta":{"footnotes":""},"categories":[58,16],"tags":[],"class_list":["post-104186","post","type-post","status-publish","format-standard","has-post-thumbnail","hentry","category-cultura","category-destaque"],"_links":{"self":[{"href":"https:\/\/ativeagencia.com.br\/radiomais\/wp-json\/wp\/v2\/posts\/104186","targetHints":{"allow":["GET"]}}],"collection":[{"href":"https:\/\/ativeagencia.com.br\/radiomais\/wp-json\/wp\/v2\/posts"}],"about":[{"href":"https:\/\/ativeagencia.com.br\/radiomais\/wp-json\/wp\/v2\/types\/post"}],"author":[{"embeddable":true,"href":"https:\/\/ativeagencia.com.br\/radiomais\/wp-json\/wp\/v2\/users\/2"}],"replies":[{"embeddable":true,"href":"https:\/\/ativeagencia.com.br\/radiomais\/wp-json\/wp\/v2\/comments?post=104186"}],"version-history":[{"count":1,"href":"https:\/\/ativeagencia.com.br\/radiomais\/wp-json\/wp\/v2\/posts\/104186\/revisions"}],"predecessor-version":[{"id":104188,"href":"https:\/\/ativeagencia.com.br\/radiomais\/wp-json\/wp\/v2\/posts\/104186\/revisions\/104188"}],"wp:featuredmedia":[{"embeddable":true,"href":"https:\/\/ativeagencia.com.br\/radiomais\/wp-json\/wp\/v2\/media\/104187"}],"wp:attachment":[{"href":"https:\/\/ativeagencia.com.br\/radiomais\/wp-json\/wp\/v2\/media?parent=104186"}],"wp:term":[{"taxonomy":"category","embeddable":true,"href":"https:\/\/ativeagencia.com.br\/radiomais\/wp-json\/wp\/v2\/categories?post=104186"},{"taxonomy":"post_tag","embeddable":true,"href":"https:\/\/ativeagencia.com.br\/radiomais\/wp-json\/wp\/v2\/tags?post=104186"}],"curies":[{"name":"wp","href":"https:\/\/api.w.org\/{rel}","templated":true}]}}