{"id":104191,"date":"2024-09-13T15:52:12","date_gmt":"2024-09-13T18:52:12","guid":{"rendered":"https:\/\/ativeagencia.com.br\/radiomais\/?p=104191"},"modified":"2024-09-13T15:52:12","modified_gmt":"2024-09-13T18:52:12","slug":"governo-podera-usar-r-85-milhoes-do-dinheiro-esquecido-em-contas-bancarias","status":"publish","type":"post","link":"https:\/\/ativeagencia.com.br\/radiomais\/2024\/09\/13\/governo-podera-usar-r-85-milhoes-do-dinheiro-esquecido-em-contas-bancarias\/","title":{"rendered":"Governo poder\u00e1 usar R$ 8,5 milh\u00f5es do \u201cdinheiro esquecido\u201d em contas banc\u00e1rias"},"content":{"rendered":"<p>A C\u00e2mara dos Deputados aprovou nesta quinta-feira o projeto que determina alternativas para compensar as perdas fiscais geradas pela desonera\u00e7\u00e3o da folha de pagamentos at\u00e9 2027.<\/p>\n<p>Entre as propostas est\u00e1 a transfer\u00eancia de R$ 8,5 bilh\u00f5es de recursos \u201cesquecidos\u201d em contas banc\u00e1rias para os cofres p\u00fablicos.<\/p>\n<p>De acordo com o texto, titulares de contas banc\u00e1rias sem movimenta\u00e7\u00e3o ter\u00e3o at\u00e9 30 dias ap\u00f3s a publica\u00e7\u00e3o da lei para pedir o resgate dos valores. Os saldos esquecidos passar\u00e3o ao dom\u00ednio da Uni\u00e3o e ser\u00e3o apropriados pelo Tesouro Nacional.<\/p>\n","protected":false},"excerpt":{"rendered":"<p>A C\u00e2mara dos Deputados aprovou nesta quinta-feira o projeto que determina alternativas para compensar as perdas fiscais geradas pela desonera\u00e7\u00e3o da folha de pagamentos at\u00e9 2027. Entre as propostas est\u00e1 a transfer\u00eancia de R$ 8,5 bilh\u00f5es de recursos \u201cesquecidos\u201d em contas banc\u00e1rias para os cofres p\u00fablicos. De acordo com o texto, titulares de contas banc\u00e1rias [&hellip;]<\/p>\n","protected":false},"author":2,"featured_media":104192,"comment_status":"open","ping_status":"open","sticky":false,"template":"","format":"standard","meta":{"footnotes":""},"categories":[16,13],"tags":[],"class_list":["post-104191","post","type-post","status-publish","format-standard","has-post-thumbnail","hentry","category-destaque","category-geral"],"_links":{"self":[{"href":"https:\/\/ativeagencia.com.br\/radiomais\/wp-json\/wp\/v2\/posts\/104191","targetHints":{"allow":["GET"]}}],"collection":[{"href":"https:\/\/ativeagencia.com.br\/radiomais\/wp-json\/wp\/v2\/posts"}],"about":[{"href":"https:\/\/ativeagencia.com.br\/radiomais\/wp-json\/wp\/v2\/types\/post"}],"author":[{"embeddable":true,"href":"https:\/\/ativeagencia.com.br\/radiomais\/wp-json\/wp\/v2\/users\/2"}],"replies":[{"embeddable":true,"href":"https:\/\/ativeagencia.com.br\/radiomais\/wp-json\/wp\/v2\/comments?post=104191"}],"version-history":[{"count":2,"href":"https:\/\/ativeagencia.com.br\/radiomais\/wp-json\/wp\/v2\/posts\/104191\/revisions"}],"predecessor-version":[{"id":104194,"href":"https:\/\/ativeagencia.com.br\/radiomais\/wp-json\/wp\/v2\/posts\/104191\/revisions\/104194"}],"wp:featuredmedia":[{"embeddable":true,"href":"https:\/\/ativeagencia.com.br\/radiomais\/wp-json\/wp\/v2\/media\/104192"}],"wp:attachment":[{"href":"https:\/\/ativeagencia.com.br\/radiomais\/wp-json\/wp\/v2\/media?parent=104191"}],"wp:term":[{"taxonomy":"category","embeddable":true,"href":"https:\/\/ativeagencia.com.br\/radiomais\/wp-json\/wp\/v2\/categories?post=104191"},{"taxonomy":"post_tag","embeddable":true,"href":"https:\/\/ativeagencia.com.br\/radiomais\/wp-json\/wp\/v2\/tags?post=104191"}],"curies":[{"name":"wp","href":"https:\/\/api.w.org\/{rel}","templated":true}]}}