{"id":104195,"date":"2024-09-13T15:54:32","date_gmt":"2024-09-13T18:54:32","guid":{"rendered":"https:\/\/ativeagencia.com.br\/radiomais\/?p=104195"},"modified":"2024-09-13T15:54:32","modified_gmt":"2024-09-13T18:54:32","slug":"acoes-nas-estacoes-de-tratamento-causarao-falta-dagua-em-santa-rosa-na-proxima-semana","status":"publish","type":"post","link":"https:\/\/ativeagencia.com.br\/radiomais\/2024\/09\/13\/acoes-nas-estacoes-de-tratamento-causarao-falta-dagua-em-santa-rosa-na-proxima-semana\/","title":{"rendered":"A\u00e7\u00f5es nas esta\u00e7\u00f5es de tratamento causar\u00e3o falta d\u2019\u00e1gua em Santa Rosa na pr\u00f3xima semana"},"content":{"rendered":"<p>A Corsan instalar\u00e1 na ter\u00e7a-feira (17), na Esta\u00e7\u00e3o de Tratamento de \u00c1gua (ETA), do Bairro Cruzeiro \u2013 Santa Rosa &#8211; equipamento para medir a vaz\u00e3o de \u00e1gua na rede de distribui\u00e7\u00e3o.<\/p>\n<p>Com isso, im\u00f3veis poder\u00e3o ser afetados com a falta do abastecimento de \u00e1gua pot\u00e1vel.<\/p>\n<p>Os trabalhos iniciam \u00e0s 8h e o abastecimento dever\u00e1 voltar \u00e0 normalidade no decorrer do dia.<br \/>\nSer\u00e3o atingidos os moradores do Bairro Cruzeiro, Vila Jardim, Loteamento Acqua, Vila Oliveira, Vila Flores, Vila Balne\u00e1ria, Loteamento Lorentz, Vila Santos, Vila Banc\u00e1rios, Loteamento Silva e Loteamento Montese.<\/p>\n<p>Na quarta-feira (18), a partir das 21h, equipes trabalhar\u00e3o na ETA situada no centro de Santa Rosa, devendo causar falta d\u2019\u00e1gua na \u00e1rea central e bairros Gl\u00f3ria, Alto do Parque, Novo Horizonte, Ouro Verde, S\u00e3o Francisco, Imperador, Winkelmann e Sulina.<\/p>\n","protected":false},"excerpt":{"rendered":"<p>A Corsan instalar\u00e1 na ter\u00e7a-feira (17), na Esta\u00e7\u00e3o de Tratamento de \u00c1gua (ETA), do Bairro Cruzeiro \u2013 Santa Rosa &#8211; equipamento para medir a vaz\u00e3o de \u00e1gua na rede de distribui\u00e7\u00e3o. Com isso, im\u00f3veis poder\u00e3o ser afetados com a falta do abastecimento de \u00e1gua pot\u00e1vel. Os trabalhos iniciam \u00e0s 8h e o abastecimento dever\u00e1 voltar [&hellip;]<\/p>\n","protected":false},"author":2,"featured_media":104196,"comment_status":"open","ping_status":"open","sticky":false,"template":"","format":"standard","meta":{"footnotes":""},"categories":[16,13],"tags":[],"class_list":["post-104195","post","type-post","status-publish","format-standard","has-post-thumbnail","hentry","category-destaque","category-geral"],"_links":{"self":[{"href":"https:\/\/ativeagencia.com.br\/radiomais\/wp-json\/wp\/v2\/posts\/104195","targetHints":{"allow":["GET"]}}],"collection":[{"href":"https:\/\/ativeagencia.com.br\/radiomais\/wp-json\/wp\/v2\/posts"}],"about":[{"href":"https:\/\/ativeagencia.com.br\/radiomais\/wp-json\/wp\/v2\/types\/post"}],"author":[{"embeddable":true,"href":"https:\/\/ativeagencia.com.br\/radiomais\/wp-json\/wp\/v2\/users\/2"}],"replies":[{"embeddable":true,"href":"https:\/\/ativeagencia.com.br\/radiomais\/wp-json\/wp\/v2\/comments?post=104195"}],"version-history":[{"count":1,"href":"https:\/\/ativeagencia.com.br\/radiomais\/wp-json\/wp\/v2\/posts\/104195\/revisions"}],"predecessor-version":[{"id":104197,"href":"https:\/\/ativeagencia.com.br\/radiomais\/wp-json\/wp\/v2\/posts\/104195\/revisions\/104197"}],"wp:featuredmedia":[{"embeddable":true,"href":"https:\/\/ativeagencia.com.br\/radiomais\/wp-json\/wp\/v2\/media\/104196"}],"wp:attachment":[{"href":"https:\/\/ativeagencia.com.br\/radiomais\/wp-json\/wp\/v2\/media?parent=104195"}],"wp:term":[{"taxonomy":"category","embeddable":true,"href":"https:\/\/ativeagencia.com.br\/radiomais\/wp-json\/wp\/v2\/categories?post=104195"},{"taxonomy":"post_tag","embeddable":true,"href":"https:\/\/ativeagencia.com.br\/radiomais\/wp-json\/wp\/v2\/tags?post=104195"}],"curies":[{"name":"wp","href":"https:\/\/api.w.org\/{rel}","templated":true}]}}