{"id":104198,"date":"2024-09-13T15:56:31","date_gmt":"2024-09-13T18:56:31","guid":{"rendered":"https:\/\/ativeagencia.com.br\/radiomais\/?p=104198"},"modified":"2024-09-13T15:56:31","modified_gmt":"2024-09-13T18:56:31","slug":"canola-em-desenvolvimento-enfeita-campos-da-regiao","status":"publish","type":"post","link":"https:\/\/ativeagencia.com.br\/radiomais\/2024\/09\/13\/canola-em-desenvolvimento-enfeita-campos-da-regiao\/","title":{"rendered":"Canola em desenvolvimento enfeita campos da regi\u00e3o"},"content":{"rendered":"<p>A maioria das lavouras de canola da regi\u00e3o Noroeste-Miss\u00f5es est\u00e3o em est\u00e1gio de flora\u00e7\u00e3o, o que transforma a paisagem no campo.<\/p>\n<p>A Emater-RS\/Ascar estima que no Rio Grande do Sul possui cerca de 134.975 hectares cultivados.<br \/>\nNa regi\u00e3o da Emater-RS\/ASCAR de Santa Rosa a \u00e1rea de canola \u00e9 estimada acima de 51 mil hectares, um aumento de 56% em rela\u00e7\u00e3o \u00e0 safra passada.<\/p>\n<p>As lavouras semeadas a partir de junho apresentam plantas vigorosas, com excelente sanidade e um desenvolvimento dentro dos padr\u00f5es desejados, o que traz uma expectativa de boa produtividade para esta safra.<\/p>\n","protected":false},"excerpt":{"rendered":"<p>A maioria das lavouras de canola da regi\u00e3o Noroeste-Miss\u00f5es est\u00e3o em est\u00e1gio de flora\u00e7\u00e3o, o que transforma a paisagem no campo. A Emater-RS\/Ascar estima que no Rio Grande do Sul possui cerca de 134.975 hectares cultivados. Na regi\u00e3o da Emater-RS\/ASCAR de Santa Rosa a \u00e1rea de canola \u00e9 estimada acima de 51 mil hectares, um [&hellip;]<\/p>\n","protected":false},"author":2,"featured_media":104199,"comment_status":"open","ping_status":"open","sticky":false,"template":"","format":"standard","meta":{"footnotes":""},"categories":[29,16],"tags":[],"class_list":["post-104198","post","type-post","status-publish","format-standard","has-post-thumbnail","hentry","category-agro","category-destaque"],"_links":{"self":[{"href":"https:\/\/ativeagencia.com.br\/radiomais\/wp-json\/wp\/v2\/posts\/104198","targetHints":{"allow":["GET"]}}],"collection":[{"href":"https:\/\/ativeagencia.com.br\/radiomais\/wp-json\/wp\/v2\/posts"}],"about":[{"href":"https:\/\/ativeagencia.com.br\/radiomais\/wp-json\/wp\/v2\/types\/post"}],"author":[{"embeddable":true,"href":"https:\/\/ativeagencia.com.br\/radiomais\/wp-json\/wp\/v2\/users\/2"}],"replies":[{"embeddable":true,"href":"https:\/\/ativeagencia.com.br\/radiomais\/wp-json\/wp\/v2\/comments?post=104198"}],"version-history":[{"count":1,"href":"https:\/\/ativeagencia.com.br\/radiomais\/wp-json\/wp\/v2\/posts\/104198\/revisions"}],"predecessor-version":[{"id":104200,"href":"https:\/\/ativeagencia.com.br\/radiomais\/wp-json\/wp\/v2\/posts\/104198\/revisions\/104200"}],"wp:featuredmedia":[{"embeddable":true,"href":"https:\/\/ativeagencia.com.br\/radiomais\/wp-json\/wp\/v2\/media\/104199"}],"wp:attachment":[{"href":"https:\/\/ativeagencia.com.br\/radiomais\/wp-json\/wp\/v2\/media?parent=104198"}],"wp:term":[{"taxonomy":"category","embeddable":true,"href":"https:\/\/ativeagencia.com.br\/radiomais\/wp-json\/wp\/v2\/categories?post=104198"},{"taxonomy":"post_tag","embeddable":true,"href":"https:\/\/ativeagencia.com.br\/radiomais\/wp-json\/wp\/v2\/tags?post=104198"}],"curies":[{"name":"wp","href":"https:\/\/api.w.org\/{rel}","templated":true}]}}