{"id":104272,"date":"2024-09-25T09:05:33","date_gmt":"2024-09-25T12:05:33","guid":{"rendered":"https:\/\/ativeagencia.com.br\/radiomais\/?p=104272"},"modified":"2024-10-08T17:13:34","modified_gmt":"2024-10-08T20:13:34","slug":"camera-implantara-fabrica-para-processamento-de-canola-em-sao-luiz-gonzaga","status":"publish","type":"post","link":"https:\/\/ativeagencia.com.br\/radiomais\/2024\/09\/25\/camera-implantara-fabrica-para-processamento-de-canola-em-sao-luiz-gonzaga\/","title":{"rendered":"Camera implantar\u00e1 f\u00e1brica para processamento de canola em S\u00e3o Luiz Gonzaga"},"content":{"rendered":"<p>A Camera Agroindustrial construir\u00e1 em S\u00e3o Luiz Gonzaga a primeira planta de esmagamento dedicada ao processamento de canola do Brasil.<\/p>\n<p>Durante o processo de implanta\u00e7\u00e3o ser\u00e3o gerados 150 empregos diretos. J\u00e1 quando a planta iniciar as opera\u00e7\u00f5es, 30 empregos ser\u00e3o gerados.<\/p>\n<p>A mat\u00e9ria-prima para a usina ser\u00e1 de produtores da regi\u00e3o e de parceiros estrat\u00e9gicos, como a Celena Alimentos.<\/p>\n<p>Segundo a Camera, a partir do segundo semestre de 2025, quando a nova ind\u00fastria entrar em opera\u00e7\u00e3o, dever\u00e3o ser processados 700 toneladas de canola por dia. Atualmente a Camera Agroindustrial mant\u00e9m esmagadora de gr\u00e3os em S\u00e3o Luiz Gonzaga focada na soja, que tamb\u00e9m ampliar\u00e1 sua capacidade, passando de 1 mil para 1,5 mil toneladas por dia.<\/p>\n","protected":false},"excerpt":{"rendered":"<p>A Camera Agroindustrial construir\u00e1 em S\u00e3o Luiz Gonzaga a primeira planta de esmagamento dedicada ao processamento de canola do Brasil. Durante o processo de implanta\u00e7\u00e3o ser\u00e3o gerados 150 empregos diretos. J\u00e1 quando a planta iniciar as opera\u00e7\u00f5es, 30 empregos ser\u00e3o gerados. A mat\u00e9ria-prima para a usina ser\u00e1 de produtores da regi\u00e3o e de parceiros estrat\u00e9gicos, [&hellip;]<\/p>\n","protected":false},"author":2,"featured_media":104273,"comment_status":"open","ping_status":"open","sticky":false,"template":"","format":"standard","meta":{"footnotes":""},"categories":[29,16],"tags":[],"class_list":["post-104272","post","type-post","status-publish","format-standard","has-post-thumbnail","hentry","category-agro","category-destaque"],"_links":{"self":[{"href":"https:\/\/ativeagencia.com.br\/radiomais\/wp-json\/wp\/v2\/posts\/104272","targetHints":{"allow":["GET"]}}],"collection":[{"href":"https:\/\/ativeagencia.com.br\/radiomais\/wp-json\/wp\/v2\/posts"}],"about":[{"href":"https:\/\/ativeagencia.com.br\/radiomais\/wp-json\/wp\/v2\/types\/post"}],"author":[{"embeddable":true,"href":"https:\/\/ativeagencia.com.br\/radiomais\/wp-json\/wp\/v2\/users\/2"}],"replies":[{"embeddable":true,"href":"https:\/\/ativeagencia.com.br\/radiomais\/wp-json\/wp\/v2\/comments?post=104272"}],"version-history":[{"count":1,"href":"https:\/\/ativeagencia.com.br\/radiomais\/wp-json\/wp\/v2\/posts\/104272\/revisions"}],"predecessor-version":[{"id":104274,"href":"https:\/\/ativeagencia.com.br\/radiomais\/wp-json\/wp\/v2\/posts\/104272\/revisions\/104274"}],"wp:featuredmedia":[{"embeddable":true,"href":"https:\/\/ativeagencia.com.br\/radiomais\/wp-json\/wp\/v2\/media\/104273"}],"wp:attachment":[{"href":"https:\/\/ativeagencia.com.br\/radiomais\/wp-json\/wp\/v2\/media?parent=104272"}],"wp:term":[{"taxonomy":"category","embeddable":true,"href":"https:\/\/ativeagencia.com.br\/radiomais\/wp-json\/wp\/v2\/categories?post=104272"},{"taxonomy":"post_tag","embeddable":true,"href":"https:\/\/ativeagencia.com.br\/radiomais\/wp-json\/wp\/v2\/tags?post=104272"}],"curies":[{"name":"wp","href":"https:\/\/api.w.org\/{rel}","templated":true}]}}