{"id":104275,"date":"2024-10-07T08:00:08","date_gmt":"2024-10-07T11:00:08","guid":{"rendered":"https:\/\/ativeagencia.com.br\/radiomais\/?p=104275"},"modified":"2024-11-17T16:47:08","modified_gmt":"2024-11-17T19:47:08","slug":"osorio-faz-historia-ao-ser-reeleito-para-7o-mandato-consecutivo-em-santa-rosa","status":"publish","type":"post","link":"https:\/\/ativeagencia.com.br\/radiomais\/2024\/10\/07\/osorio-faz-historia-ao-ser-reeleito-para-7o-mandato-consecutivo-em-santa-rosa\/","title":{"rendered":"Os\u00f3rio faz hist\u00f3ria ao ser reeleito para 7\u00ba mandato consecutivo em Santa Rosa"},"content":{"rendered":"<p>Ao somar 1.108 votos e garantir sua reelei\u00e7\u00e3o em Santa Rosa, Os\u00f3rio Antunes dos Santos entra para a hist\u00f3ria como o vereador com o maior tempo de mandato consecutivo no munic\u00edpio.<\/p>\n<p>No dia 31 de dezembro ele encerra seu sexto mandato, totalizando 24 anos como vereador e, em 01 de janeiro de 2025, d\u00e1 in\u00edcio ao seu s\u00e9timo mandato.<\/p>\n<p>Sua primeira vit\u00f3ria foi no pleito de 2000, quando, pelo PDT, fez 581 votos. Ele j\u00e1 havia tentado \u2013 sem sucesso \u2013 uma cadeira na C\u00e2mara nas elei\u00e7\u00f5es de 1992 (180 votos) e 1996 (211 votos). J\u00e1 em 2004 obteve 1.467 votos, ampliando para 1.531 em 2008 e 2.539 votos em 2012. Na elei\u00e7\u00e3o de 2016 foi o vereador mais votado, com 2.623 votos. No pleito de 2020, ano da pandemia, Os\u00f3rio ingressou ao PL, quando foi reeleito, mesmo sua vota\u00e7\u00e3o tendo reduzida para 1.024 votos.<\/p>\n<p>No \u00faltimo domingo (6), Os\u00f3rio Antunes dos Santos garantiu seu s\u00e9timo mandato, agora pelo Partido Progressista (PP).<\/p>\n<p><strong>NELCI DANI<\/strong> \u2013 Se for contabilizado os dois per\u00edodos em que esteve como vereador de Santa Rosa, o advogado Nelci Dani \u00e9 o campe\u00e3o no n\u00famero de mandatos: oito no total. Por\u00e9m, ele foi tr\u00eas vezes consecutivos nos anos 80\/90 e outras cinco vezes seguidas de 2000 a 2020, quando decidiu n\u00e3o mais concorrer.<\/p>\n","protected":false},"excerpt":{"rendered":"<p>Ao somar 1.108 votos e garantir sua reelei\u00e7\u00e3o em Santa Rosa, Os\u00f3rio Antunes dos Santos entra para a hist\u00f3ria como o vereador com o maior tempo de mandato consecutivo no munic\u00edpio. No dia 31 de dezembro ele encerra seu sexto mandato, totalizando 24 anos como vereador e, em 01 de janeiro de 2025, d\u00e1 in\u00edcio [&hellip;]<\/p>\n","protected":false},"author":2,"featured_media":104332,"comment_status":"open","ping_status":"open","sticky":false,"template":"","format":"standard","meta":{"footnotes":""},"categories":[16,49],"tags":[],"class_list":["post-104275","post","type-post","status-publish","format-standard","has-post-thumbnail","hentry","category-destaque","category-eleicoes-2024"],"_links":{"self":[{"href":"https:\/\/ativeagencia.com.br\/radiomais\/wp-json\/wp\/v2\/posts\/104275","targetHints":{"allow":["GET"]}}],"collection":[{"href":"https:\/\/ativeagencia.com.br\/radiomais\/wp-json\/wp\/v2\/posts"}],"about":[{"href":"https:\/\/ativeagencia.com.br\/radiomais\/wp-json\/wp\/v2\/types\/post"}],"author":[{"embeddable":true,"href":"https:\/\/ativeagencia.com.br\/radiomais\/wp-json\/wp\/v2\/users\/2"}],"replies":[{"embeddable":true,"href":"https:\/\/ativeagencia.com.br\/radiomais\/wp-json\/wp\/v2\/comments?post=104275"}],"version-history":[{"count":1,"href":"https:\/\/ativeagencia.com.br\/radiomais\/wp-json\/wp\/v2\/posts\/104275\/revisions"}],"predecessor-version":[{"id":104333,"href":"https:\/\/ativeagencia.com.br\/radiomais\/wp-json\/wp\/v2\/posts\/104275\/revisions\/104333"}],"wp:featuredmedia":[{"embeddable":true,"href":"https:\/\/ativeagencia.com.br\/radiomais\/wp-json\/wp\/v2\/media\/104332"}],"wp:attachment":[{"href":"https:\/\/ativeagencia.com.br\/radiomais\/wp-json\/wp\/v2\/media?parent=104275"}],"wp:term":[{"taxonomy":"category","embeddable":true,"href":"https:\/\/ativeagencia.com.br\/radiomais\/wp-json\/wp\/v2\/categories?post=104275"},{"taxonomy":"post_tag","embeddable":true,"href":"https:\/\/ativeagencia.com.br\/radiomais\/wp-json\/wp\/v2\/tags?post=104275"}],"curies":[{"name":"wp","href":"https:\/\/api.w.org\/{rel}","templated":true}]}}