{"id":104286,"date":"2024-11-14T09:11:45","date_gmt":"2024-11-14T12:11:45","guid":{"rendered":"https:\/\/ativeagencia.com.br\/radiomais\/?p=104286"},"modified":"2024-11-14T09:12:48","modified_gmt":"2024-11-14T12:12:48","slug":"camara-de-vereadores-organiza-posse-dos-eleitos-em-santa-rosa","status":"publish","type":"post","link":"https:\/\/ativeagencia.com.br\/radiomais\/2024\/11\/14\/camara-de-vereadores-organiza-posse-dos-eleitos-em-santa-rosa\/","title":{"rendered":"C\u00e2mara de Vereadores organiza posse dos eleitos em Santa Rosa"},"content":{"rendered":"<p>A C\u00e2mara Municipal de Vereadores de Santa Rosa est\u00e1 ultimando os preparativos para a sess\u00e3o solene de posse dos vereadores para a pr\u00f3xima legislatura.<\/p>\n<p>O ato ocorrer\u00e1 no dia 01 de janeiro de 2025 e, al\u00e9m dos vereadores, tamb\u00e9m ser\u00e3o empossados para o novo mandato, o prefeito Anderson Mantei e seu vice Aldemir Ulrich.<\/p>\n<p>No m\u00eas de dezembro, a C\u00e2mara pretende reunir os 15 vereadores eleitos para passar informa\u00e7\u00f5es sobre o trabalho do Legislativo, j\u00e1 que alguns foram eleitos para o primeiro mandato.<\/p>\n","protected":false},"excerpt":{"rendered":"<p>A C\u00e2mara Municipal de Vereadores de Santa Rosa est\u00e1 ultimando os preparativos para a sess\u00e3o solene de posse dos vereadores para a pr\u00f3xima legislatura. O ato ocorrer\u00e1 no dia 01 de janeiro de 2025 e, al\u00e9m dos vereadores, tamb\u00e9m ser\u00e3o empossados para o novo mandato, o prefeito Anderson Mantei e seu vice Aldemir Ulrich. No [&hellip;]<\/p>\n","protected":false},"author":2,"featured_media":104287,"comment_status":"open","ping_status":"open","sticky":false,"template":"","format":"standard","meta":{"footnotes":""},"categories":[16,17],"tags":[],"class_list":["post-104286","post","type-post","status-publish","format-standard","has-post-thumbnail","hentry","category-destaque","category-politica"],"_links":{"self":[{"href":"https:\/\/ativeagencia.com.br\/radiomais\/wp-json\/wp\/v2\/posts\/104286","targetHints":{"allow":["GET"]}}],"collection":[{"href":"https:\/\/ativeagencia.com.br\/radiomais\/wp-json\/wp\/v2\/posts"}],"about":[{"href":"https:\/\/ativeagencia.com.br\/radiomais\/wp-json\/wp\/v2\/types\/post"}],"author":[{"embeddable":true,"href":"https:\/\/ativeagencia.com.br\/radiomais\/wp-json\/wp\/v2\/users\/2"}],"replies":[{"embeddable":true,"href":"https:\/\/ativeagencia.com.br\/radiomais\/wp-json\/wp\/v2\/comments?post=104286"}],"version-history":[{"count":3,"href":"https:\/\/ativeagencia.com.br\/radiomais\/wp-json\/wp\/v2\/posts\/104286\/revisions"}],"predecessor-version":[{"id":104290,"href":"https:\/\/ativeagencia.com.br\/radiomais\/wp-json\/wp\/v2\/posts\/104286\/revisions\/104290"}],"wp:featuredmedia":[{"embeddable":true,"href":"https:\/\/ativeagencia.com.br\/radiomais\/wp-json\/wp\/v2\/media\/104287"}],"wp:attachment":[{"href":"https:\/\/ativeagencia.com.br\/radiomais\/wp-json\/wp\/v2\/media?parent=104286"}],"wp:term":[{"taxonomy":"category","embeddable":true,"href":"https:\/\/ativeagencia.com.br\/radiomais\/wp-json\/wp\/v2\/categories?post=104286"},{"taxonomy":"post_tag","embeddable":true,"href":"https:\/\/ativeagencia.com.br\/radiomais\/wp-json\/wp\/v2\/tags?post=104286"}],"curies":[{"name":"wp","href":"https:\/\/api.w.org\/{rel}","templated":true}]}}