{"id":104291,"date":"2024-11-14T09:17:27","date_gmt":"2024-11-14T12:17:27","guid":{"rendered":"https:\/\/ativeagencia.com.br\/radiomais\/?p=104291"},"modified":"2024-11-14T09:17:27","modified_gmt":"2024-11-14T12:17:27","slug":"draco-de-santa-rosa-tem-novo-titular","status":"publish","type":"post","link":"https:\/\/ativeagencia.com.br\/radiomais\/2024\/11\/14\/draco-de-santa-rosa-tem-novo-titular\/","title":{"rendered":"DRACO de Santa Rosa tem novo titular"},"content":{"rendered":"<p>A Delegacia de Repress\u00e3o \u00e0s A\u00e7\u00f5es Criminosas Organizadas (DRACO) de Santa Rosa tem novo comando.<\/p>\n<p>O delegado de pol\u00edcia Delv\u00e9quio Kronbauer \u00e9 o novo titular, em substitui\u00e7\u00e3o ao delegado Tiago Teske, que passa a comandar a Delegacia de Pol\u00edcia de Pronto Atendimento (DPPA).<\/p>\n<p>Delv\u00e9quio \u00e9 delegado desde 2013, tendo iniciado a carreira em S\u00e3o Luiz Gonzaga, passando a partir de 2015 a atuar na 10\u00aa Delegacia Regional de Pol\u00edcia, com sede em Santa Rosa.<\/p>\n","protected":false},"excerpt":{"rendered":"<p>A Delegacia de Repress\u00e3o \u00e0s A\u00e7\u00f5es Criminosas Organizadas (DRACO) de Santa Rosa tem novo comando. O delegado de pol\u00edcia Delv\u00e9quio Kronbauer \u00e9 o novo titular, em substitui\u00e7\u00e3o ao delegado Tiago Teske, que passa a comandar a Delegacia de Pol\u00edcia de Pronto Atendimento (DPPA). Delv\u00e9quio \u00e9 delegado desde 2013, tendo iniciado a carreira em S\u00e3o Luiz [&hellip;]<\/p>\n","protected":false},"author":2,"featured_media":104293,"comment_status":"open","ping_status":"open","sticky":false,"template":"","format":"standard","meta":{"footnotes":""},"categories":[16,43],"tags":[],"class_list":["post-104291","post","type-post","status-publish","format-standard","has-post-thumbnail","hentry","category-destaque","category-policia"],"_links":{"self":[{"href":"https:\/\/ativeagencia.com.br\/radiomais\/wp-json\/wp\/v2\/posts\/104291","targetHints":{"allow":["GET"]}}],"collection":[{"href":"https:\/\/ativeagencia.com.br\/radiomais\/wp-json\/wp\/v2\/posts"}],"about":[{"href":"https:\/\/ativeagencia.com.br\/radiomais\/wp-json\/wp\/v2\/types\/post"}],"author":[{"embeddable":true,"href":"https:\/\/ativeagencia.com.br\/radiomais\/wp-json\/wp\/v2\/users\/2"}],"replies":[{"embeddable":true,"href":"https:\/\/ativeagencia.com.br\/radiomais\/wp-json\/wp\/v2\/comments?post=104291"}],"version-history":[{"count":1,"href":"https:\/\/ativeagencia.com.br\/radiomais\/wp-json\/wp\/v2\/posts\/104291\/revisions"}],"predecessor-version":[{"id":104294,"href":"https:\/\/ativeagencia.com.br\/radiomais\/wp-json\/wp\/v2\/posts\/104291\/revisions\/104294"}],"wp:featuredmedia":[{"embeddable":true,"href":"https:\/\/ativeagencia.com.br\/radiomais\/wp-json\/wp\/v2\/media\/104293"}],"wp:attachment":[{"href":"https:\/\/ativeagencia.com.br\/radiomais\/wp-json\/wp\/v2\/media?parent=104291"}],"wp:term":[{"taxonomy":"category","embeddable":true,"href":"https:\/\/ativeagencia.com.br\/radiomais\/wp-json\/wp\/v2\/categories?post=104291"},{"taxonomy":"post_tag","embeddable":true,"href":"https:\/\/ativeagencia.com.br\/radiomais\/wp-json\/wp\/v2\/tags?post=104291"}],"curies":[{"name":"wp","href":"https:\/\/api.w.org\/{rel}","templated":true}]}}