{"id":104298,"date":"2024-11-14T09:28:12","date_gmt":"2024-11-14T12:28:12","guid":{"rendered":"https:\/\/ativeagencia.com.br\/radiomais\/?p=104298"},"modified":"2024-11-14T09:28:12","modified_gmt":"2024-11-14T12:28:12","slug":"ampliada-area-do-estacionamento-rotativo-pago-de-santa-rosa","status":"publish","type":"post","link":"https:\/\/ativeagencia.com.br\/radiomais\/2024\/11\/14\/ampliada-area-do-estacionamento-rotativo-pago-de-santa-rosa\/","title":{"rendered":"Ampliada \u00e1rea do estacionamento rotativo pago de Santa Rosa"},"content":{"rendered":"<p>Os vereadores de Santa Rosa aprovaram nesta segunda-feira (11) a amplia\u00e7\u00e3o da \u00e1rea do estacionamento rotativo no munic\u00edpio. O projeto foi encaminhado \u00e0 C\u00e2mara pelo Executivo Municipal.<\/p>\n<p>Com a aprova\u00e7\u00e3o, novos trechos estar\u00e3o inclu\u00eddos na chamada \u00e1rea azul, na qual ficam demarcados espa\u00e7os de estacionamentos com a cobran\u00e7a de taxas para a perman\u00eancia dos ve\u00edculos.<\/p>\n<p><strong>Confira os novos trechos em que o estacionamento ser\u00e1 pago em Santa Rosa<\/strong><\/p>\n<p>&#8211; Rua Minas Gerais, trecho entre a Rua Santos Dumont e Rua S\u00e3o Francisco<br \/>\n&#8211; Rua Dr. Jo\u00e3o Dahne, trecho entre a Rua Guapor\u00e9 e Avenida Borges de Medeiros<br \/>\n&#8211; Avenida Borges de Medeiros, trecho entre A Rua Dr. Jo\u00e3o Dahne e a Rua S\u00e3o \u00c2ngelo<br \/>\n&#8211; Rua Santo \u00c2ngelo, trecho entre a a Avenida Borges de Medeiros e a Rua Sinval Saldanha<br \/>\n&#8211; Rua Sinval Saldanha, trecho entre a Rua Santo \u00c2ngelo e a Rua Dr. Jo\u00e3o Dahne<br \/>\n&#8211; Rua Santos Dumont, trecho compreendido entre a Rua Guerino Rigo e a Rua J\u00falio Rauber<\/p>\n","protected":false},"excerpt":{"rendered":"<p>Os vereadores de Santa Rosa aprovaram nesta segunda-feira (11) a amplia\u00e7\u00e3o da \u00e1rea do estacionamento rotativo no munic\u00edpio. O projeto foi encaminhado \u00e0 C\u00e2mara pelo Executivo Municipal. Com a aprova\u00e7\u00e3o, novos trechos estar\u00e3o inclu\u00eddos na chamada \u00e1rea azul, na qual ficam demarcados espa\u00e7os de estacionamentos com a cobran\u00e7a de taxas para a perman\u00eancia dos ve\u00edculos. [&hellip;]<\/p>\n","protected":false},"author":2,"featured_media":104299,"comment_status":"open","ping_status":"open","sticky":false,"template":"","format":"standard","meta":{"footnotes":""},"categories":[16,13],"tags":[],"class_list":["post-104298","post","type-post","status-publish","format-standard","has-post-thumbnail","hentry","category-destaque","category-geral"],"_links":{"self":[{"href":"https:\/\/ativeagencia.com.br\/radiomais\/wp-json\/wp\/v2\/posts\/104298","targetHints":{"allow":["GET"]}}],"collection":[{"href":"https:\/\/ativeagencia.com.br\/radiomais\/wp-json\/wp\/v2\/posts"}],"about":[{"href":"https:\/\/ativeagencia.com.br\/radiomais\/wp-json\/wp\/v2\/types\/post"}],"author":[{"embeddable":true,"href":"https:\/\/ativeagencia.com.br\/radiomais\/wp-json\/wp\/v2\/users\/2"}],"replies":[{"embeddable":true,"href":"https:\/\/ativeagencia.com.br\/radiomais\/wp-json\/wp\/v2\/comments?post=104298"}],"version-history":[{"count":1,"href":"https:\/\/ativeagencia.com.br\/radiomais\/wp-json\/wp\/v2\/posts\/104298\/revisions"}],"predecessor-version":[{"id":104300,"href":"https:\/\/ativeagencia.com.br\/radiomais\/wp-json\/wp\/v2\/posts\/104298\/revisions\/104300"}],"wp:featuredmedia":[{"embeddable":true,"href":"https:\/\/ativeagencia.com.br\/radiomais\/wp-json\/wp\/v2\/media\/104299"}],"wp:attachment":[{"href":"https:\/\/ativeagencia.com.br\/radiomais\/wp-json\/wp\/v2\/media?parent=104298"}],"wp:term":[{"taxonomy":"category","embeddable":true,"href":"https:\/\/ativeagencia.com.br\/radiomais\/wp-json\/wp\/v2\/categories?post=104298"},{"taxonomy":"post_tag","embeddable":true,"href":"https:\/\/ativeagencia.com.br\/radiomais\/wp-json\/wp\/v2\/tags?post=104298"}],"curies":[{"name":"wp","href":"https:\/\/api.w.org\/{rel}","templated":true}]}}