{"id":104301,"date":"2024-11-14T09:31:48","date_gmt":"2024-11-14T12:31:48","guid":{"rendered":"https:\/\/ativeagencia.com.br\/radiomais\/?p=104301"},"modified":"2024-11-14T09:31:48","modified_gmt":"2024-11-14T12:31:48","slug":"major-vanessa-assumira-comando-do-4o-bpaf-de-santa-rosa","status":"publish","type":"post","link":"https:\/\/ativeagencia.com.br\/radiomais\/2024\/11\/14\/major-vanessa-assumira-comando-do-4o-bpaf-de-santa-rosa\/","title":{"rendered":"Major Vanessa assumir\u00e1 comando do 4\u00ba BPAF de Santa Rosa"},"content":{"rendered":"<p>A major Vanessa Peripolli ser\u00e1 a nova comandante do 4\u00ba Batalh\u00e3o de Policiamento de \u00c1rea de Fronteira, o BPAF, que tem sua sede em Santa Rosa. Ela substituir\u00e1 o tenente-coronel Valtair Dorneles, que ir\u00e1 para a reserva.<\/p>\n<p>Vanessa \u00e9 santa-rosense e est\u00e1 na Brigada Militar h\u00e1 20 anos, ap\u00f3s ter sido aprovada em 2004 no primeiro curso de oficiais da Brigada Militar, formando-se capit\u00e3.<\/p>\n<p>Atualmente ela comanda a 1\u00aa Companhia independente de Pol\u00edcia de Prote\u00e7\u00e3o Ambiental, de Santa Rosa.<\/p>\n","protected":false},"excerpt":{"rendered":"<p>A major Vanessa Peripolli ser\u00e1 a nova comandante do 4\u00ba Batalh\u00e3o de Policiamento de \u00c1rea de Fronteira, o BPAF, que tem sua sede em Santa Rosa. Ela substituir\u00e1 o tenente-coronel Valtair Dorneles, que ir\u00e1 para a reserva. Vanessa \u00e9 santa-rosense e est\u00e1 na Brigada Militar h\u00e1 20 anos, ap\u00f3s ter sido aprovada em 2004 no [&hellip;]<\/p>\n","protected":false},"author":2,"featured_media":104302,"comment_status":"open","ping_status":"open","sticky":false,"template":"","format":"standard","meta":{"footnotes":""},"categories":[16,13],"tags":[],"class_list":["post-104301","post","type-post","status-publish","format-standard","has-post-thumbnail","hentry","category-destaque","category-geral"],"_links":{"self":[{"href":"https:\/\/ativeagencia.com.br\/radiomais\/wp-json\/wp\/v2\/posts\/104301","targetHints":{"allow":["GET"]}}],"collection":[{"href":"https:\/\/ativeagencia.com.br\/radiomais\/wp-json\/wp\/v2\/posts"}],"about":[{"href":"https:\/\/ativeagencia.com.br\/radiomais\/wp-json\/wp\/v2\/types\/post"}],"author":[{"embeddable":true,"href":"https:\/\/ativeagencia.com.br\/radiomais\/wp-json\/wp\/v2\/users\/2"}],"replies":[{"embeddable":true,"href":"https:\/\/ativeagencia.com.br\/radiomais\/wp-json\/wp\/v2\/comments?post=104301"}],"version-history":[{"count":1,"href":"https:\/\/ativeagencia.com.br\/radiomais\/wp-json\/wp\/v2\/posts\/104301\/revisions"}],"predecessor-version":[{"id":104303,"href":"https:\/\/ativeagencia.com.br\/radiomais\/wp-json\/wp\/v2\/posts\/104301\/revisions\/104303"}],"wp:featuredmedia":[{"embeddable":true,"href":"https:\/\/ativeagencia.com.br\/radiomais\/wp-json\/wp\/v2\/media\/104302"}],"wp:attachment":[{"href":"https:\/\/ativeagencia.com.br\/radiomais\/wp-json\/wp\/v2\/media?parent=104301"}],"wp:term":[{"taxonomy":"category","embeddable":true,"href":"https:\/\/ativeagencia.com.br\/radiomais\/wp-json\/wp\/v2\/categories?post=104301"},{"taxonomy":"post_tag","embeddable":true,"href":"https:\/\/ativeagencia.com.br\/radiomais\/wp-json\/wp\/v2\/tags?post=104301"}],"curies":[{"name":"wp","href":"https:\/\/api.w.org\/{rel}","templated":true}]}}