{"id":104315,"date":"2024-11-14T14:22:17","date_gmt":"2024-11-14T17:22:17","guid":{"rendered":"https:\/\/ativeagencia.com.br\/radiomais\/?p=104315"},"modified":"2024-11-14T14:22:51","modified_gmt":"2024-11-14T17:22:51","slug":"ulrich-integra-comitiva-gaucha-que-viajou-a-asia","status":"publish","type":"post","link":"https:\/\/ativeagencia.com.br\/radiomais\/2024\/11\/14\/ulrich-integra-comitiva-gaucha-que-viajou-a-asia\/","title":{"rendered":"Ulrich integra comitiva ga\u00facha que viajou \u00e0 Asia"},"content":{"rendered":"<p>O vice-prefeito de Santa Rosa, Aldemir Ulrich, integra a comitiva ga\u00facha que nesta quarta-feira (13) embarcou para a \u00c1sia.<\/p>\n<p>Na comitiva est\u00e3o o governador Eduardo Leite, secret\u00e1rios estaduais, deputados, empres\u00e1rios e lideran\u00e7as.<\/p>\n<p>Na pauta, visita a Dubai, Jap\u00e3o e China onde os ga\u00fachos participam de eventos e reuni\u00f5es com o objetivo de ampliar neg\u00f3cios e atrair novos investimentos para RS.<\/p>\n","protected":false},"excerpt":{"rendered":"<p>O vice-prefeito de Santa Rosa, Aldemir Ulrich, integra a comitiva ga\u00facha que nesta quarta-feira (13) embarcou para a \u00c1sia. Na comitiva est\u00e3o o governador Eduardo Leite, secret\u00e1rios estaduais, deputados, empres\u00e1rios e lideran\u00e7as. Na pauta, visita a Dubai, Jap\u00e3o e China onde os ga\u00fachos participam de eventos e reuni\u00f5es com o objetivo de ampliar neg\u00f3cios e [&hellip;]<\/p>\n","protected":false},"author":2,"featured_media":104316,"comment_status":"open","ping_status":"open","sticky":false,"template":"","format":"standard","meta":{"footnotes":""},"categories":[16,13],"tags":[],"class_list":["post-104315","post","type-post","status-publish","format-standard","has-post-thumbnail","hentry","category-destaque","category-geral"],"_links":{"self":[{"href":"https:\/\/ativeagencia.com.br\/radiomais\/wp-json\/wp\/v2\/posts\/104315","targetHints":{"allow":["GET"]}}],"collection":[{"href":"https:\/\/ativeagencia.com.br\/radiomais\/wp-json\/wp\/v2\/posts"}],"about":[{"href":"https:\/\/ativeagencia.com.br\/radiomais\/wp-json\/wp\/v2\/types\/post"}],"author":[{"embeddable":true,"href":"https:\/\/ativeagencia.com.br\/radiomais\/wp-json\/wp\/v2\/users\/2"}],"replies":[{"embeddable":true,"href":"https:\/\/ativeagencia.com.br\/radiomais\/wp-json\/wp\/v2\/comments?post=104315"}],"version-history":[{"count":1,"href":"https:\/\/ativeagencia.com.br\/radiomais\/wp-json\/wp\/v2\/posts\/104315\/revisions"}],"predecessor-version":[{"id":104317,"href":"https:\/\/ativeagencia.com.br\/radiomais\/wp-json\/wp\/v2\/posts\/104315\/revisions\/104317"}],"wp:featuredmedia":[{"embeddable":true,"href":"https:\/\/ativeagencia.com.br\/radiomais\/wp-json\/wp\/v2\/media\/104316"}],"wp:attachment":[{"href":"https:\/\/ativeagencia.com.br\/radiomais\/wp-json\/wp\/v2\/media?parent=104315"}],"wp:term":[{"taxonomy":"category","embeddable":true,"href":"https:\/\/ativeagencia.com.br\/radiomais\/wp-json\/wp\/v2\/categories?post=104315"},{"taxonomy":"post_tag","embeddable":true,"href":"https:\/\/ativeagencia.com.br\/radiomais\/wp-json\/wp\/v2\/tags?post=104315"}],"curies":[{"name":"wp","href":"https:\/\/api.w.org\/{rel}","templated":true}]}}