{"id":104318,"date":"2024-11-15T21:52:41","date_gmt":"2024-11-16T00:52:41","guid":{"rendered":"https:\/\/ativeagencia.com.br\/radiomais\/?p=104318"},"modified":"2024-11-15T21:52:41","modified_gmt":"2024-11-16T00:52:41","slug":"trabalhador-morre-ao-cair-do-terceiro-andar-de-predio-em-santa-rosa","status":"publish","type":"post","link":"https:\/\/ativeagencia.com.br\/radiomais\/2024\/11\/15\/trabalhador-morre-ao-cair-do-terceiro-andar-de-predio-em-santa-rosa\/","title":{"rendered":"Trabalhador morre ao cair do terceiro andar de pr\u00e9dio em Santa Rosa"},"content":{"rendered":"<p>Josias Ferraz, 32 anos, morreu na manh\u00e3 desta sexta-feira (15) ap\u00f3s cair do terceiro andar de um pr\u00e9dio, situado na Avenida Am\u00e9rica, centro de Santa Rosa.<\/p>\n<p>&nbsp;<\/p>\n<p>Morador do Bairro Cruzeiro, Josias estava trabalhando na retirada de um aparelho de ar condicionado de um apartamento, quando caiu.<\/p>\n<p>&nbsp;<\/p>\n<p>Os bombeiros foram acionados para atender a ocorr\u00eancia por volta das 11h30 quando o encontraram j\u00e1 sem vida. Conforme dados preliminares da equipe de per\u00edcia da Pol\u00edcia Civil, que esteve no local, a morte de Josias pode ter ocorrido por volta das 9h.<\/p>\n<p>Seu corpo ser\u00e1 velado na Igreja da Restaura\u00e7\u00e3o, do Bairro Sulina. Josias Ferraz era casado e pai de duas filhas.<\/p>\n<p>&nbsp;<\/p>\n","protected":false},"excerpt":{"rendered":"<p>Josias Ferraz, 32 anos, morreu na manh\u00e3 desta sexta-feira (15) ap\u00f3s cair do terceiro andar de um pr\u00e9dio, situado na Avenida Am\u00e9rica, centro de Santa Rosa. &nbsp; Morador do Bairro Cruzeiro, Josias estava trabalhando na retirada de um aparelho de ar condicionado de um apartamento, quando caiu. &nbsp; Os bombeiros foram acionados para atender a [&hellip;]<\/p>\n","protected":false},"author":2,"featured_media":104319,"comment_status":"open","ping_status":"open","sticky":false,"template":"","format":"standard","meta":{"footnotes":""},"categories":[16,43],"tags":[],"class_list":["post-104318","post","type-post","status-publish","format-standard","has-post-thumbnail","hentry","category-destaque","category-policia"],"_links":{"self":[{"href":"https:\/\/ativeagencia.com.br\/radiomais\/wp-json\/wp\/v2\/posts\/104318","targetHints":{"allow":["GET"]}}],"collection":[{"href":"https:\/\/ativeagencia.com.br\/radiomais\/wp-json\/wp\/v2\/posts"}],"about":[{"href":"https:\/\/ativeagencia.com.br\/radiomais\/wp-json\/wp\/v2\/types\/post"}],"author":[{"embeddable":true,"href":"https:\/\/ativeagencia.com.br\/radiomais\/wp-json\/wp\/v2\/users\/2"}],"replies":[{"embeddable":true,"href":"https:\/\/ativeagencia.com.br\/radiomais\/wp-json\/wp\/v2\/comments?post=104318"}],"version-history":[{"count":2,"href":"https:\/\/ativeagencia.com.br\/radiomais\/wp-json\/wp\/v2\/posts\/104318\/revisions"}],"predecessor-version":[{"id":104321,"href":"https:\/\/ativeagencia.com.br\/radiomais\/wp-json\/wp\/v2\/posts\/104318\/revisions\/104321"}],"wp:featuredmedia":[{"embeddable":true,"href":"https:\/\/ativeagencia.com.br\/radiomais\/wp-json\/wp\/v2\/media\/104319"}],"wp:attachment":[{"href":"https:\/\/ativeagencia.com.br\/radiomais\/wp-json\/wp\/v2\/media?parent=104318"}],"wp:term":[{"taxonomy":"category","embeddable":true,"href":"https:\/\/ativeagencia.com.br\/radiomais\/wp-json\/wp\/v2\/categories?post=104318"},{"taxonomy":"post_tag","embeddable":true,"href":"https:\/\/ativeagencia.com.br\/radiomais\/wp-json\/wp\/v2\/tags?post=104318"}],"curies":[{"name":"wp","href":"https:\/\/api.w.org\/{rel}","templated":true}]}}