{"id":104322,"date":"2024-11-14T18:30:55","date_gmt":"2024-11-14T21:30:55","guid":{"rendered":"https:\/\/ativeagencia.com.br\/radiomais\/?p=104322"},"modified":"2024-11-17T19:31:52","modified_gmt":"2024-11-17T22:31:52","slug":"perseguicao-policial-e-apreensao-de-218-quilos-de-maconha-em-santa-rosa","status":"publish","type":"post","link":"https:\/\/ativeagencia.com.br\/radiomais\/2024\/11\/14\/perseguicao-policial-e-apreensao-de-218-quilos-de-maconha-em-santa-rosa\/","title":{"rendered":"Persegui\u00e7\u00e3o policial e apreens\u00e3o de 218 quilos de maconha em Santa Rosa"},"content":{"rendered":"<p>Uma persegui\u00e7\u00e3o policial no final da tarde desta quinta-feira (14), em Santa Rosa, terminou em acidente e apreens\u00e3o de 320 tijolos de maconha, totalizando 218 quilos da droga.<\/p>\n<p>A a\u00e7\u00e3o mobilizou equipes da DRACO de Santa Rosa, comandada pelo delegado Delv\u00e9quio Krombauer, Delegacia de Pol\u00edcia de Alecrim e For\u00e7a T\u00e1tica da Brigada Militar.<\/p>\n<p>As for\u00e7as de seguran\u00e7a tentaram realizar a abordagem de um autom\u00f3vel Prisma, pois haviam informa\u00e7\u00f5es que o mesmo poderia estar transportando drogas. A primeira abordagem se deu nas proximidades de um posto de combust\u00edvel em Guia Lopes, por\u00e9m, o condutor do Prisma empreendeu fuga em alta velocidade, pelo acostamento da rodovia.<\/p>\n<p>Uma nova abordagem ocorreu no trevo dos fundos do Bairro Sulina, na ERS 344. Em alta velocidade, o autom\u00f3vel acabou colidindo com outros dois ve\u00edculos.<\/p>\n<p>O motorista, natural de Uruguaiana, foi preso em flagrante pelo crime de tr\u00e1fico de drogas.<\/p>\n<p>A DRACO realiza neste momento o servi\u00e7o de levantamento e registro da ocorr\u00eancia.<\/p>\n<p><strong>DEN\u00daNCIAS<\/strong> &#8211; A Pol\u00edcia Civil recebe den\u00fancias atrav\u00e9s do Fone-WhatsApp (55) 984288666, garantindo o sigilo total do denunciante.<\/p>\n","protected":false},"excerpt":{"rendered":"<p>Uma persegui\u00e7\u00e3o policial no final da tarde desta quinta-feira (14), em Santa Rosa, terminou em acidente e apreens\u00e3o de 320 tijolos de maconha, totalizando 218 quilos da droga. A a\u00e7\u00e3o mobilizou equipes da DRACO de Santa Rosa, comandada pelo delegado Delv\u00e9quio Krombauer, Delegacia de Pol\u00edcia de Alecrim e For\u00e7a T\u00e1tica da Brigada Militar. As for\u00e7as [&hellip;]<\/p>\n","protected":false},"author":2,"featured_media":104323,"comment_status":"open","ping_status":"open","sticky":false,"template":"","format":"standard","meta":{"footnotes":""},"categories":[16,43],"tags":[],"class_list":["post-104322","post","type-post","status-publish","format-standard","has-post-thumbnail","hentry","category-destaque","category-policia"],"_links":{"self":[{"href":"https:\/\/ativeagencia.com.br\/radiomais\/wp-json\/wp\/v2\/posts\/104322","targetHints":{"allow":["GET"]}}],"collection":[{"href":"https:\/\/ativeagencia.com.br\/radiomais\/wp-json\/wp\/v2\/posts"}],"about":[{"href":"https:\/\/ativeagencia.com.br\/radiomais\/wp-json\/wp\/v2\/types\/post"}],"author":[{"embeddable":true,"href":"https:\/\/ativeagencia.com.br\/radiomais\/wp-json\/wp\/v2\/users\/2"}],"replies":[{"embeddable":true,"href":"https:\/\/ativeagencia.com.br\/radiomais\/wp-json\/wp\/v2\/comments?post=104322"}],"version-history":[{"count":2,"href":"https:\/\/ativeagencia.com.br\/radiomais\/wp-json\/wp\/v2\/posts\/104322\/revisions"}],"predecessor-version":[{"id":104344,"href":"https:\/\/ativeagencia.com.br\/radiomais\/wp-json\/wp\/v2\/posts\/104322\/revisions\/104344"}],"wp:featuredmedia":[{"embeddable":true,"href":"https:\/\/ativeagencia.com.br\/radiomais\/wp-json\/wp\/v2\/media\/104323"}],"wp:attachment":[{"href":"https:\/\/ativeagencia.com.br\/radiomais\/wp-json\/wp\/v2\/media?parent=104322"}],"wp:term":[{"taxonomy":"category","embeddable":true,"href":"https:\/\/ativeagencia.com.br\/radiomais\/wp-json\/wp\/v2\/categories?post=104322"},{"taxonomy":"post_tag","embeddable":true,"href":"https:\/\/ativeagencia.com.br\/radiomais\/wp-json\/wp\/v2\/tags?post=104322"}],"curies":[{"name":"wp","href":"https:\/\/api.w.org\/{rel}","templated":true}]}}