{"id":104325,"date":"2024-11-14T10:00:39","date_gmt":"2024-11-14T13:00:39","guid":{"rendered":"https:\/\/ativeagencia.com.br\/radiomais\/?p=104325"},"modified":"2024-11-15T22:09:31","modified_gmt":"2024-11-16T01:09:31","slug":"104325","status":"publish","type":"post","link":"https:\/\/ativeagencia.com.br\/radiomais\/2024\/11\/14\/104325\/","title":{"rendered":"Ronda Policial e um resumo das principais ocorr\u00eancias"},"content":{"rendered":"<p>A propriet\u00e1ria de uma moto Biz comunicou na Delegacia de Pol\u00edcia que deixou-a estacionada na Avenida Rio Branco, na \u00e1rea de motocicletas, proximidades da Pra\u00e7a da Bandeira. Quando voltou a moto estava ca\u00edda ao ch\u00e3o, com o retrovisor quebrado, paralamas amassado e banco raspado. Comunicou que vai solicitar filmagens das c\u00e2meras de videomonitoramento para descobrir a autoria dos danos em sua moto.<\/p>\n<p>&#8212;&#8212;&#8212;-<\/p>\n<p>Acidentes de tr\u00e2nsito registrados nesta quarta-feira:<\/p>\n<p>&#8211; \u00e0s 12h20, na Avenida Buric\u00e1 \u2013 Bairro Cruzeiro um jovem motociclista, de 24 anos, ficou ferido em acidente que envolveu sua moto e uma caminhonete F 1000.<\/p>\n<p>&#8211; \u00e0s 12h30 na Rua S\u00e3o Leopoldo o condutor de uma moto, de 36 anos, sofreu les\u00f5es em acidente que envolveu sua moto e um Fiat Strada.<\/p>\n<p>&#8211; J\u00e1 no in\u00edcio da tarde, por volta das 13h30, os bombeiros atenderam uma ocorr\u00eancia na avenida Expedicion\u00e1rio Weber, esquina da RGE, no Bairro Cruzeiro. No local, uma moto e uma bicicleta colidiram. A condutora da moto, de 34 anos e o jovem de 15 anos que estava com a bicicleta ficaram feridos.<\/p>\n<p>Todos as v\u00edtimas destes tr\u00eas acidentes foram socorridas e encaminhadas \u00e0 UPA para serem medicadas.<\/p>\n<p>&#8212;&#8212;&#8212;-<\/p>\n<p>Um agricultor residente nas proximidades de Tr\u00eas de Maio comunicou na Delegacia de Pol\u00edcia que elementos desconhecidos estiveram em sua propriedade na madrugada, de onde furtaram peixes de seu a\u00e7ude. Ele estima que foram levadas 80 carpas, de tr\u00eas a 9 quilos. Acredita que os lar\u00e1pios usaram uma rede para capturar os peixes. O a\u00e7ude fica a cerca de 2 mil metros distante de sua resid\u00eancia.<\/p>\n<p>&#8212;&#8212;&#8212;<\/p>\n<p>Um morador do Alto Petr\u00f3polis \u2013 Santa Rosa, comunicou na DP que elementos desconhecidos arrombaram sua casa de onde levaram uma caixa de som amplificada, um microfone sem fio e v\u00e1rios CDs DVDs e pendrive. Ele disse que o furto ocorreu durante o dia, per\u00edodo em que estavam trabalhando.<\/p>\n<p>&#8212;&#8212;&#8212;&#8212;<\/p>\n<p>Um caminhoneiro transitava de Cruz Alta a Santa Rosa e deu carona a duas jovens residentes na Vila Auxiliadora. Elas desceram no trevo do cemit\u00e9rio.<\/p>\n<p>Ao chegar em casa, o caminhoneiro percebeu que sua carteira com documentos e R$ 600,00 em dinheiros havia sido furtada do caminh\u00e3o.<\/p>\n<p>&#8212;&#8212;&#8212;&#8212;&#8212;<\/p>\n","protected":false},"excerpt":{"rendered":"<p>A propriet\u00e1ria de uma moto Biz comunicou na Delegacia de Pol\u00edcia que deixou-a estacionada na Avenida Rio Branco, na \u00e1rea de motocicletas, proximidades da Pra\u00e7a da Bandeira. Quando voltou a moto estava ca\u00edda ao ch\u00e3o, com o retrovisor quebrado, paralamas amassado e banco raspado. Comunicou que vai solicitar filmagens das c\u00e2meras de videomonitoramento para descobrir [&hellip;]<\/p>\n","protected":false},"author":2,"featured_media":104326,"comment_status":"open","ping_status":"open","sticky":false,"template":"","format":"standard","meta":{"footnotes":""},"categories":[16,43],"tags":[],"class_list":["post-104325","post","type-post","status-publish","format-standard","has-post-thumbnail","hentry","category-destaque","category-policia"],"_links":{"self":[{"href":"https:\/\/ativeagencia.com.br\/radiomais\/wp-json\/wp\/v2\/posts\/104325","targetHints":{"allow":["GET"]}}],"collection":[{"href":"https:\/\/ativeagencia.com.br\/radiomais\/wp-json\/wp\/v2\/posts"}],"about":[{"href":"https:\/\/ativeagencia.com.br\/radiomais\/wp-json\/wp\/v2\/types\/post"}],"author":[{"embeddable":true,"href":"https:\/\/ativeagencia.com.br\/radiomais\/wp-json\/wp\/v2\/users\/2"}],"replies":[{"embeddable":true,"href":"https:\/\/ativeagencia.com.br\/radiomais\/wp-json\/wp\/v2\/comments?post=104325"}],"version-history":[{"count":3,"href":"https:\/\/ativeagencia.com.br\/radiomais\/wp-json\/wp\/v2\/posts\/104325\/revisions"}],"predecessor-version":[{"id":104329,"href":"https:\/\/ativeagencia.com.br\/radiomais\/wp-json\/wp\/v2\/posts\/104325\/revisions\/104329"}],"wp:featuredmedia":[{"embeddable":true,"href":"https:\/\/ativeagencia.com.br\/radiomais\/wp-json\/wp\/v2\/media\/104326"}],"wp:attachment":[{"href":"https:\/\/ativeagencia.com.br\/radiomais\/wp-json\/wp\/v2\/media?parent=104325"}],"wp:term":[{"taxonomy":"category","embeddable":true,"href":"https:\/\/ativeagencia.com.br\/radiomais\/wp-json\/wp\/v2\/categories?post=104325"},{"taxonomy":"post_tag","embeddable":true,"href":"https:\/\/ativeagencia.com.br\/radiomais\/wp-json\/wp\/v2\/tags?post=104325"}],"curies":[{"name":"wp","href":"https:\/\/api.w.org\/{rel}","templated":true}]}}