{"id":104334,"date":"2024-10-20T18:58:44","date_gmt":"2024-10-20T21:58:44","guid":{"rendered":"https:\/\/ativeagencia.com.br\/radiomais\/?p=104334"},"modified":"2024-11-17T19:01:20","modified_gmt":"2024-11-17T22:01:20","slug":"revitalizacao-da-praca-da-bandeira-deve-iniciar-nos-proximos-dias","status":"publish","type":"post","link":"https:\/\/ativeagencia.com.br\/radiomais\/2024\/10\/20\/revitalizacao-da-praca-da-bandeira-deve-iniciar-nos-proximos-dias\/","title":{"rendered":"Revitaliza\u00e7\u00e3o da Pra\u00e7a da Bandeira deve iniciar nos pr\u00f3ximos dias"},"content":{"rendered":"<p>A Pra\u00e7a da Bandeira de Santa Rosa ser\u00e1 totalmente remodelada. As obras devem iniciar nos pr\u00f3ximos dias. Diversas melhorias ser\u00e3o realizadas na infraestrutura, proporcionando mais seguran\u00e7a, acessibilidade e qualidade de vida para a popula\u00e7\u00e3o. Mais de R$ 2,3 milh\u00f5es ser\u00e3o investidos no local, recursos pr\u00f3prios do munic\u00edpio. Ser\u00e3o realizadas obras em uma \u00e1rea de 10.000 m\u00b2.<\/p>\n<p>Entre as melhorias est\u00e3o a revitaliza\u00e7\u00e3o dos pisos internos da pra\u00e7a com acessibilidade, constru\u00e7\u00e3o de novos sanit\u00e1rios, sistema de ilumina\u00e7\u00e3o LED, reforma das paradas de \u00f4nibus e cria\u00e7\u00e3o de um largo de interliga\u00e7\u00e3o entre a pra\u00e7a, o Centro Cultural e a Via Cultural.<\/p>\n<p>O projeto arquitet\u00f4nico foi elaborado de forma volunt\u00e1ria pela Arquiteta e Urbanista, Luciana Locatelli. No momento, est\u00e3o sendo finalizados o contrato e o empenho da obra, para em seguida iniciarem os servi\u00e7os.<\/p>\n<p>O prazo de execu\u00e7\u00e3o vai at\u00e9 dezembro de 2025.<\/p>\n","protected":false},"excerpt":{"rendered":"<p>A Pra\u00e7a da Bandeira de Santa Rosa ser\u00e1 totalmente remodelada. As obras devem iniciar nos pr\u00f3ximos dias. Diversas melhorias ser\u00e3o realizadas na infraestrutura, proporcionando mais seguran\u00e7a, acessibilidade e qualidade de vida para a popula\u00e7\u00e3o. Mais de R$ 2,3 milh\u00f5es ser\u00e3o investidos no local, recursos pr\u00f3prios do munic\u00edpio. Ser\u00e3o realizadas obras em uma \u00e1rea de 10.000 [&hellip;]<\/p>\n","protected":false},"author":2,"featured_media":104335,"comment_status":"open","ping_status":"open","sticky":false,"template":"","format":"standard","meta":{"footnotes":""},"categories":[16,13],"tags":[],"class_list":["post-104334","post","type-post","status-publish","format-standard","has-post-thumbnail","hentry","category-destaque","category-geral"],"_links":{"self":[{"href":"https:\/\/ativeagencia.com.br\/radiomais\/wp-json\/wp\/v2\/posts\/104334","targetHints":{"allow":["GET"]}}],"collection":[{"href":"https:\/\/ativeagencia.com.br\/radiomais\/wp-json\/wp\/v2\/posts"}],"about":[{"href":"https:\/\/ativeagencia.com.br\/radiomais\/wp-json\/wp\/v2\/types\/post"}],"author":[{"embeddable":true,"href":"https:\/\/ativeagencia.com.br\/radiomais\/wp-json\/wp\/v2\/users\/2"}],"replies":[{"embeddable":true,"href":"https:\/\/ativeagencia.com.br\/radiomais\/wp-json\/wp\/v2\/comments?post=104334"}],"version-history":[{"count":2,"href":"https:\/\/ativeagencia.com.br\/radiomais\/wp-json\/wp\/v2\/posts\/104334\/revisions"}],"predecessor-version":[{"id":104337,"href":"https:\/\/ativeagencia.com.br\/radiomais\/wp-json\/wp\/v2\/posts\/104334\/revisions\/104337"}],"wp:featuredmedia":[{"embeddable":true,"href":"https:\/\/ativeagencia.com.br\/radiomais\/wp-json\/wp\/v2\/media\/104335"}],"wp:attachment":[{"href":"https:\/\/ativeagencia.com.br\/radiomais\/wp-json\/wp\/v2\/media?parent=104334"}],"wp:term":[{"taxonomy":"category","embeddable":true,"href":"https:\/\/ativeagencia.com.br\/radiomais\/wp-json\/wp\/v2\/categories?post=104334"},{"taxonomy":"post_tag","embeddable":true,"href":"https:\/\/ativeagencia.com.br\/radiomais\/wp-json\/wp\/v2\/tags?post=104334"}],"curies":[{"name":"wp","href":"https:\/\/api.w.org\/{rel}","templated":true}]}}