{"id":104338,"date":"2024-11-17T19:22:42","date_gmt":"2024-11-17T22:22:42","guid":{"rendered":"https:\/\/ativeagencia.com.br\/radiomais\/?p=104338"},"modified":"2024-11-17T19:22:42","modified_gmt":"2024-11-17T22:22:42","slug":"empresa-dona-de-caminhao-que-destruiu-portico-de-santo-cristo-pagara-reconstrucao","status":"publish","type":"post","link":"https:\/\/ativeagencia.com.br\/radiomais\/2024\/11\/17\/empresa-dona-de-caminhao-que-destruiu-portico-de-santo-cristo-pagara-reconstrucao\/","title":{"rendered":"Empresa dona de caminh\u00e3o que destruiu p\u00f3rtico de Santo Cristo pagar\u00e1 reconstru\u00e7\u00e3o"},"content":{"rendered":"<p>A empresa respons\u00e1vel pelo caminh\u00e3o-ca\u00e7amba que destruiu o p\u00f3rtico da entrada de Santo Cristo, afirmou nesta quinta-feira (14) que vai ressarcir os danos causados.<\/p>\n<p>Acompanhado de advogada, os propriet\u00e1rios da empresa, estiveram com a assessoria jur\u00eddica da prefeitura. O valor do preju\u00edzo n\u00e3o foi divulgado, mas segundo o munic\u00edpio, j\u00e1 est\u00e3o sendo tomadas medidas para a reconstru\u00e7\u00e3o do p\u00f3rtico.<\/p>\n<p>Conforme a Pol\u00edcia Civil, que ouviu o motorista na quarta-feira (13), o acidente foi causado por falha mec\u00e2nica no caminh\u00e3o, que fez com que a ca\u00e7amba levantasse instantes antes de ele passar pelo p\u00f3rtico, na Avenida Dom Pedro II.<\/p>\n<p>O acidente aconteceu por volta das 11h15min de quarta-feira (13).<\/p>\n","protected":false},"excerpt":{"rendered":"<p>A empresa respons\u00e1vel pelo caminh\u00e3o-ca\u00e7amba que destruiu o p\u00f3rtico da entrada de Santo Cristo, afirmou nesta quinta-feira (14) que vai ressarcir os danos causados. Acompanhado de advogada, os propriet\u00e1rios da empresa, estiveram com a assessoria jur\u00eddica da prefeitura. O valor do preju\u00edzo n\u00e3o foi divulgado, mas segundo o munic\u00edpio, j\u00e1 est\u00e3o sendo tomadas medidas para [&hellip;]<\/p>\n","protected":false},"author":2,"featured_media":104339,"comment_status":"open","ping_status":"open","sticky":false,"template":"","format":"standard","meta":{"footnotes":""},"categories":[16,13],"tags":[],"class_list":["post-104338","post","type-post","status-publish","format-standard","has-post-thumbnail","hentry","category-destaque","category-geral"],"_links":{"self":[{"href":"https:\/\/ativeagencia.com.br\/radiomais\/wp-json\/wp\/v2\/posts\/104338","targetHints":{"allow":["GET"]}}],"collection":[{"href":"https:\/\/ativeagencia.com.br\/radiomais\/wp-json\/wp\/v2\/posts"}],"about":[{"href":"https:\/\/ativeagencia.com.br\/radiomais\/wp-json\/wp\/v2\/types\/post"}],"author":[{"embeddable":true,"href":"https:\/\/ativeagencia.com.br\/radiomais\/wp-json\/wp\/v2\/users\/2"}],"replies":[{"embeddable":true,"href":"https:\/\/ativeagencia.com.br\/radiomais\/wp-json\/wp\/v2\/comments?post=104338"}],"version-history":[{"count":2,"href":"https:\/\/ativeagencia.com.br\/radiomais\/wp-json\/wp\/v2\/posts\/104338\/revisions"}],"predecessor-version":[{"id":104341,"href":"https:\/\/ativeagencia.com.br\/radiomais\/wp-json\/wp\/v2\/posts\/104338\/revisions\/104341"}],"wp:featuredmedia":[{"embeddable":true,"href":"https:\/\/ativeagencia.com.br\/radiomais\/wp-json\/wp\/v2\/media\/104339"}],"wp:attachment":[{"href":"https:\/\/ativeagencia.com.br\/radiomais\/wp-json\/wp\/v2\/media?parent=104338"}],"wp:term":[{"taxonomy":"category","embeddable":true,"href":"https:\/\/ativeagencia.com.br\/radiomais\/wp-json\/wp\/v2\/categories?post=104338"},{"taxonomy":"post_tag","embeddable":true,"href":"https:\/\/ativeagencia.com.br\/radiomais\/wp-json\/wp\/v2\/tags?post=104338"}],"curies":[{"name":"wp","href":"https:\/\/api.w.org\/{rel}","templated":true}]}}