{"id":104345,"date":"2024-11-18T14:31:28","date_gmt":"2024-11-18T17:31:28","guid":{"rendered":"https:\/\/ativeagencia.com.br\/radiomais\/?p=104345"},"modified":"2024-11-18T14:31:28","modified_gmt":"2024-11-18T17:31:28","slug":"paulinho-dill-apresenta-melhoras","status":"publish","type":"post","link":"https:\/\/ativeagencia.com.br\/radiomais\/2024\/11\/18\/paulinho-dill-apresenta-melhoras\/","title":{"rendered":"Paulinho Dill apresenta melhoras"},"content":{"rendered":"<p>Internado desde a \u00faltima segunda-feira (11), ap\u00f3s sofrer grave acidente, o m\u00fasico Paulinho Dill vem apresentado melhoras nos \u00faltimos dias.<\/p>\n<p>Conforme Os Atuais, banda da qual ele \u00e9 o vocalista, seu quadro cl\u00ednico est\u00e1 est\u00e1vel e a recupera\u00e7\u00e3o avan\u00e7ando gradualmente. \u201cJ\u00e1 come\u00e7a a recuperar parcialmente a fala e tem reconhecido aos poucos algumas pessoas, o que nos traz imensa alegria\u201d, aponta a nota publicada pelo grupo em seu perfil nas redes sociais.<\/p>\n<p>\u201cSabemos que o caminho ainda \u00e9 longo, e por isso pedimos a todos que continuem a nos apoiar com ora\u00e7\u00f5es e boas energias. A cada dia, estamos mais pr\u00f3ximos da sua plena recupera\u00e7\u00e3o, e s\u00f3 nos resta esperar, com f\u00e9 e paci\u00eancia, que ele continue a evoluir\u201d, conclui a nota, que solicita ainda que os f\u00e3s e amigo sigam com suas ora\u00e7\u00f5es, que \u201ct\u00eam sido um grande alicerce para ele e para todos n\u00f3s\u201d.<\/p>\n<p>Paulinho Dill est\u00e1 internado na UTI da unidade Abosco, do Hospital Vida &amp; Sa\u00fade de Santa Rosa.<\/p>\n","protected":false},"excerpt":{"rendered":"<p>Internado desde a \u00faltima segunda-feira (11), ap\u00f3s sofrer grave acidente, o m\u00fasico Paulinho Dill vem apresentado melhoras nos \u00faltimos dias. Conforme Os Atuais, banda da qual ele \u00e9 o vocalista, seu quadro cl\u00ednico est\u00e1 est\u00e1vel e a recupera\u00e7\u00e3o avan\u00e7ando gradualmente. \u201cJ\u00e1 come\u00e7a a recuperar parcialmente a fala e tem reconhecido aos poucos algumas pessoas, o [&hellip;]<\/p>\n","protected":false},"author":2,"featured_media":104346,"comment_status":"open","ping_status":"open","sticky":false,"template":"","format":"standard","meta":{"footnotes":""},"categories":[16,13],"tags":[],"class_list":["post-104345","post","type-post","status-publish","format-standard","has-post-thumbnail","hentry","category-destaque","category-geral"],"_links":{"self":[{"href":"https:\/\/ativeagencia.com.br\/radiomais\/wp-json\/wp\/v2\/posts\/104345","targetHints":{"allow":["GET"]}}],"collection":[{"href":"https:\/\/ativeagencia.com.br\/radiomais\/wp-json\/wp\/v2\/posts"}],"about":[{"href":"https:\/\/ativeagencia.com.br\/radiomais\/wp-json\/wp\/v2\/types\/post"}],"author":[{"embeddable":true,"href":"https:\/\/ativeagencia.com.br\/radiomais\/wp-json\/wp\/v2\/users\/2"}],"replies":[{"embeddable":true,"href":"https:\/\/ativeagencia.com.br\/radiomais\/wp-json\/wp\/v2\/comments?post=104345"}],"version-history":[{"count":1,"href":"https:\/\/ativeagencia.com.br\/radiomais\/wp-json\/wp\/v2\/posts\/104345\/revisions"}],"predecessor-version":[{"id":104347,"href":"https:\/\/ativeagencia.com.br\/radiomais\/wp-json\/wp\/v2\/posts\/104345\/revisions\/104347"}],"wp:featuredmedia":[{"embeddable":true,"href":"https:\/\/ativeagencia.com.br\/radiomais\/wp-json\/wp\/v2\/media\/104346"}],"wp:attachment":[{"href":"https:\/\/ativeagencia.com.br\/radiomais\/wp-json\/wp\/v2\/media?parent=104345"}],"wp:term":[{"taxonomy":"category","embeddable":true,"href":"https:\/\/ativeagencia.com.br\/radiomais\/wp-json\/wp\/v2\/categories?post=104345"},{"taxonomy":"post_tag","embeddable":true,"href":"https:\/\/ativeagencia.com.br\/radiomais\/wp-json\/wp\/v2\/tags?post=104345"}],"curies":[{"name":"wp","href":"https:\/\/api.w.org\/{rel}","templated":true}]}}