{"id":104349,"date":"2024-11-18T15:20:02","date_gmt":"2024-11-18T18:20:02","guid":{"rendered":"https:\/\/ativeagencia.com.br\/radiomais\/?p=104349"},"modified":"2024-11-18T15:20:02","modified_gmt":"2024-11-18T18:20:02","slug":"definida-empresa-responsavel-pela-ampliacao-do-aeroporto-de-santa-rosa","status":"publish","type":"post","link":"https:\/\/ativeagencia.com.br\/radiomais\/2024\/11\/18\/definida-empresa-responsavel-pela-ampliacao-do-aeroporto-de-santa-rosa\/","title":{"rendered":"Definida empresa respons\u00e1vel pela amplia\u00e7\u00e3o do aeroporto de Santa Rosa"},"content":{"rendered":"<p>A prefeitura de Santa Rosa homologa nesta segunda-feira (18) a licita\u00e7\u00e3o, confirmando a Porto Beton S\/A, da cidade ga\u00facha de Santa Rita como a vencedora do processo de escolha da empresa respons\u00e1vel pelas obras de amplia\u00e7\u00e3o do aeroporto municipal.<\/p>\n<p>Ap\u00f3s isso, o processo dever\u00e1 ser encaminhado \u00e0 Secretaria Nacional da Avia\u00e7\u00e3o Civil, para que o in\u00edcio das obras seja autorizado, o que dever\u00e1 ocorrem no prazo de tr\u00eas meses.<\/p>\n<p>A obra de amplia\u00e7\u00e3o do aeroporto dever\u00e1 custar R$ 48,6 milh\u00f5es, dos quais, R$ 14 milh\u00f5es j\u00e1 est\u00e3o empenhados atrav\u00e9s de recursos do Minist\u00e9rio dos Portos e Aeroportos e emendas parlamentares.<\/p>\n<p>Entre as melhorias previstas, est\u00e1 a amplia\u00e7\u00e3o da pista de pouso e decolagem. O local que atualmente \u00e9 de 1.200 metros, vai passar para 1.630 metros, al\u00e9m de mais 120 metros de \u00e1reas de seguran\u00e7a pavimentadas (blast pads) e 180 metros de \u00e1rea de seguran\u00e7a n\u00e3o pavimentadas (RESAs), totalizando 1.930 metros de \u00e1rea de pista.<\/p>\n","protected":false},"excerpt":{"rendered":"<p>A prefeitura de Santa Rosa homologa nesta segunda-feira (18) a licita\u00e7\u00e3o, confirmando a Porto Beton S\/A, da cidade ga\u00facha de Santa Rita como a vencedora do processo de escolha da empresa respons\u00e1vel pelas obras de amplia\u00e7\u00e3o do aeroporto municipal. Ap\u00f3s isso, o processo dever\u00e1 ser encaminhado \u00e0 Secretaria Nacional da Avia\u00e7\u00e3o Civil, para que o [&hellip;]<\/p>\n","protected":false},"author":2,"featured_media":104350,"comment_status":"open","ping_status":"open","sticky":false,"template":"","format":"standard","meta":{"footnotes":""},"categories":[16,13],"tags":[],"class_list":["post-104349","post","type-post","status-publish","format-standard","has-post-thumbnail","hentry","category-destaque","category-geral"],"_links":{"self":[{"href":"https:\/\/ativeagencia.com.br\/radiomais\/wp-json\/wp\/v2\/posts\/104349","targetHints":{"allow":["GET"]}}],"collection":[{"href":"https:\/\/ativeagencia.com.br\/radiomais\/wp-json\/wp\/v2\/posts"}],"about":[{"href":"https:\/\/ativeagencia.com.br\/radiomais\/wp-json\/wp\/v2\/types\/post"}],"author":[{"embeddable":true,"href":"https:\/\/ativeagencia.com.br\/radiomais\/wp-json\/wp\/v2\/users\/2"}],"replies":[{"embeddable":true,"href":"https:\/\/ativeagencia.com.br\/radiomais\/wp-json\/wp\/v2\/comments?post=104349"}],"version-history":[{"count":1,"href":"https:\/\/ativeagencia.com.br\/radiomais\/wp-json\/wp\/v2\/posts\/104349\/revisions"}],"predecessor-version":[{"id":104351,"href":"https:\/\/ativeagencia.com.br\/radiomais\/wp-json\/wp\/v2\/posts\/104349\/revisions\/104351"}],"wp:featuredmedia":[{"embeddable":true,"href":"https:\/\/ativeagencia.com.br\/radiomais\/wp-json\/wp\/v2\/media\/104350"}],"wp:attachment":[{"href":"https:\/\/ativeagencia.com.br\/radiomais\/wp-json\/wp\/v2\/media?parent=104349"}],"wp:term":[{"taxonomy":"category","embeddable":true,"href":"https:\/\/ativeagencia.com.br\/radiomais\/wp-json\/wp\/v2\/categories?post=104349"},{"taxonomy":"post_tag","embeddable":true,"href":"https:\/\/ativeagencia.com.br\/radiomais\/wp-json\/wp\/v2\/tags?post=104349"}],"curies":[{"name":"wp","href":"https:\/\/api.w.org\/{rel}","templated":true}]}}