{"id":104352,"date":"2024-11-18T17:10:12","date_gmt":"2024-11-18T20:10:12","guid":{"rendered":"https:\/\/ativeagencia.com.br\/radiomais\/?p=104352"},"modified":"2024-11-18T17:10:12","modified_gmt":"2024-11-18T20:10:12","slug":"aldemir-ulrich-cumpre-agenda-em-dubai-e-segue-para-toquio","status":"publish","type":"post","link":"https:\/\/ativeagencia.com.br\/radiomais\/2024\/11\/18\/aldemir-ulrich-cumpre-agenda-em-dubai-e-segue-para-toquio\/","title":{"rendered":"Aldemir Ulrich cumpre agenda em Dubai e segue para T\u00f3quio"},"content":{"rendered":"<p>Integrante da miss\u00e3o ga\u00facha que viajou para a \u00c1sia na \u00faltima semana, o vice-prefeito de Santa Rosa, Aldemir Ulrich, participou de uma s\u00e9rie de reuni\u00f5es estrat\u00e9gicas que visam fomentar rela\u00e7\u00f5es comerciais e atrair investimentos.<\/p>\n<p>Em Dubai, Ulrich esteve em um encontro com Paulo Azevedo, presidente da C\u00e2mara de Com\u00e9rcio Brasil-\u00cdndia, no qual foram discutidas oportunidades de interc\u00e2mbio comercial entre as regi\u00f5es. Ele tamb\u00e9m se reuniu com Tatiana Riera, l\u00edder do escrit\u00f3rio da ApexBrasil, com o objetivo de ampliar a visibilidade de empresas ga\u00fachas nesses mercados.<\/p>\n<p>A comitiva ga\u00facha segue para T\u00f3quio, no Jap\u00e3o, nesta segunda-feira (18). Entre os compromissos previstos est\u00e3o visitas na Assembleia e na sede do Governo Metropolitano de T\u00f3quio, al\u00e9m de encontros com empresas e institui\u00e7\u00f5es japonesas. Um dos focos ser\u00e1 conhecer solu\u00e7\u00f5es inovadoras, especialmente na \u00e1rea de preven\u00e7\u00e3o de desastres naturais, que \u00e9 uma pauta estrat\u00e9gica para o Rio Grande do Sul.<\/p>\n","protected":false},"excerpt":{"rendered":"<p>Integrante da miss\u00e3o ga\u00facha que viajou para a \u00c1sia na \u00faltima semana, o vice-prefeito de Santa Rosa, Aldemir Ulrich, participou de uma s\u00e9rie de reuni\u00f5es estrat\u00e9gicas que visam fomentar rela\u00e7\u00f5es comerciais e atrair investimentos. Em Dubai, Ulrich esteve em um encontro com Paulo Azevedo, presidente da C\u00e2mara de Com\u00e9rcio Brasil-\u00cdndia, no qual foram discutidas oportunidades [&hellip;]<\/p>\n","protected":false},"author":2,"featured_media":104353,"comment_status":"open","ping_status":"open","sticky":false,"template":"","format":"standard","meta":{"footnotes":""},"categories":[16,13],"tags":[],"class_list":["post-104352","post","type-post","status-publish","format-standard","has-post-thumbnail","hentry","category-destaque","category-geral"],"_links":{"self":[{"href":"https:\/\/ativeagencia.com.br\/radiomais\/wp-json\/wp\/v2\/posts\/104352","targetHints":{"allow":["GET"]}}],"collection":[{"href":"https:\/\/ativeagencia.com.br\/radiomais\/wp-json\/wp\/v2\/posts"}],"about":[{"href":"https:\/\/ativeagencia.com.br\/radiomais\/wp-json\/wp\/v2\/types\/post"}],"author":[{"embeddable":true,"href":"https:\/\/ativeagencia.com.br\/radiomais\/wp-json\/wp\/v2\/users\/2"}],"replies":[{"embeddable":true,"href":"https:\/\/ativeagencia.com.br\/radiomais\/wp-json\/wp\/v2\/comments?post=104352"}],"version-history":[{"count":1,"href":"https:\/\/ativeagencia.com.br\/radiomais\/wp-json\/wp\/v2\/posts\/104352\/revisions"}],"predecessor-version":[{"id":104354,"href":"https:\/\/ativeagencia.com.br\/radiomais\/wp-json\/wp\/v2\/posts\/104352\/revisions\/104354"}],"wp:featuredmedia":[{"embeddable":true,"href":"https:\/\/ativeagencia.com.br\/radiomais\/wp-json\/wp\/v2\/media\/104353"}],"wp:attachment":[{"href":"https:\/\/ativeagencia.com.br\/radiomais\/wp-json\/wp\/v2\/media?parent=104352"}],"wp:term":[{"taxonomy":"category","embeddable":true,"href":"https:\/\/ativeagencia.com.br\/radiomais\/wp-json\/wp\/v2\/categories?post=104352"},{"taxonomy":"post_tag","embeddable":true,"href":"https:\/\/ativeagencia.com.br\/radiomais\/wp-json\/wp\/v2\/tags?post=104352"}],"curies":[{"name":"wp","href":"https:\/\/api.w.org\/{rel}","templated":true}]}}