{"id":104358,"date":"2024-11-19T16:35:36","date_gmt":"2024-11-19T19:35:36","guid":{"rendered":"https:\/\/ativeagencia.com.br\/radiomais\/?p=104358"},"modified":"2024-11-19T16:37:18","modified_gmt":"2024-11-19T19:37:18","slug":"dom-bosco-e-bi-campeao-da-liga-gaucha-de-volei","status":"publish","type":"post","link":"https:\/\/ativeagencia.com.br\/radiomais\/2024\/11\/19\/dom-bosco-e-bi-campeao-da-liga-gaucha-de-volei\/","title":{"rendered":"Dom Bosco \u00e9 Bi-campe\u00e3o da Liga Ga\u00facha de Volei"},"content":{"rendered":"<p>O Col\u00e9gio Dom Bosco venceu a Liga Ga\u00facha de Voleibol de base 2024, na final ocorrida no \u00faltimo final de semana.<br \/>\nO evento esportivo, realizado em Iju\u00ed, \u00e9 o maior campeonato de base do voleibol do Sul do Brasil e reuniu as melhores equipes classificadas do estado. A Liga envolve as cinco regi\u00f5es do estado.<\/p>\n<p>O Col\u00e9gio Dom Bosco teve duas vit\u00f3rias hist\u00f3ricas. As atletas das categorias infantil e infanto venceram a competi\u00e7\u00e3o e sagraram-se bicampe\u00e3s.<\/p>\n<p>Segundo o coordenador de esportes, Renato Menezes, o projeto do Dom Bosco Voleibol come\u00e7ou em 2018, e, seis anos ap\u00f3s, s\u00e3o colhidos frutos e vit\u00f3rias. \u201cEsse resultado \u00e9 a soma do trabalho dos treinadores, empenho dos atletas e do planejamento do ano. Encerramos mais uma temporada com sucesso\u201d, destacou, citando agradecimentos ao treinador Jeferson Duarte e o apoio recebido pelo Col\u00e9gio.<\/p>\n","protected":false},"excerpt":{"rendered":"<p>O Col\u00e9gio Dom Bosco venceu a Liga Ga\u00facha de Voleibol de base 2024, na final ocorrida no \u00faltimo final de semana. O evento esportivo, realizado em Iju\u00ed, \u00e9 o maior campeonato de base do voleibol do Sul do Brasil e reuniu as melhores equipes classificadas do estado. A Liga envolve as cinco regi\u00f5es do estado. [&hellip;]<\/p>\n","protected":false},"author":2,"featured_media":104359,"comment_status":"open","ping_status":"open","sticky":false,"template":"","format":"standard","meta":{"footnotes":""},"categories":[16,31],"tags":[],"class_list":["post-104358","post","type-post","status-publish","format-standard","has-post-thumbnail","hentry","category-destaque","category-esportes"],"_links":{"self":[{"href":"https:\/\/ativeagencia.com.br\/radiomais\/wp-json\/wp\/v2\/posts\/104358","targetHints":{"allow":["GET"]}}],"collection":[{"href":"https:\/\/ativeagencia.com.br\/radiomais\/wp-json\/wp\/v2\/posts"}],"about":[{"href":"https:\/\/ativeagencia.com.br\/radiomais\/wp-json\/wp\/v2\/types\/post"}],"author":[{"embeddable":true,"href":"https:\/\/ativeagencia.com.br\/radiomais\/wp-json\/wp\/v2\/users\/2"}],"replies":[{"embeddable":true,"href":"https:\/\/ativeagencia.com.br\/radiomais\/wp-json\/wp\/v2\/comments?post=104358"}],"version-history":[{"count":2,"href":"https:\/\/ativeagencia.com.br\/radiomais\/wp-json\/wp\/v2\/posts\/104358\/revisions"}],"predecessor-version":[{"id":104361,"href":"https:\/\/ativeagencia.com.br\/radiomais\/wp-json\/wp\/v2\/posts\/104358\/revisions\/104361"}],"wp:featuredmedia":[{"embeddable":true,"href":"https:\/\/ativeagencia.com.br\/radiomais\/wp-json\/wp\/v2\/media\/104359"}],"wp:attachment":[{"href":"https:\/\/ativeagencia.com.br\/radiomais\/wp-json\/wp\/v2\/media?parent=104358"}],"wp:term":[{"taxonomy":"category","embeddable":true,"href":"https:\/\/ativeagencia.com.br\/radiomais\/wp-json\/wp\/v2\/categories?post=104358"},{"taxonomy":"post_tag","embeddable":true,"href":"https:\/\/ativeagencia.com.br\/radiomais\/wp-json\/wp\/v2\/tags?post=104358"}],"curies":[{"name":"wp","href":"https:\/\/api.w.org\/{rel}","templated":true}]}}