{"id":104362,"date":"2024-11-19T16:44:53","date_gmt":"2024-11-19T19:44:53","guid":{"rendered":"https:\/\/ativeagencia.com.br\/radiomais\/?p=104362"},"modified":"2024-11-19T16:44:53","modified_gmt":"2024-11-19T19:44:53","slug":"fenasoja-2024-sera-lancada-na-serra-gaucha","status":"publish","type":"post","link":"https:\/\/ativeagencia.com.br\/radiomais\/2024\/11\/19\/fenasoja-2024-sera-lancada-na-serra-gaucha\/","title":{"rendered":"Fenasoja 2024 ser\u00e1 lan\u00e7ada na Serra Ga\u00facha"},"content":{"rendered":"<p>A Fenasoja 2024 ser\u00e1 lan\u00e7ada nesta na quinta-feira (21), dentro da programa\u00e7\u00e3o do 2\u00b0 Congresso Cerealista Brasileiro, que acontecer\u00e1 no Plaza Hotel &amp; Boulevard Convention, em Garibaldi.<\/p>\n<p>Na oportunidade o presidente D\u00e1rio Germano falar\u00e1 sobre as novidades da edi\u00e7\u00e3o. No ato ser\u00e1 lan\u00e7ado o livro dos 100 anos e o selo da Associa\u00e7\u00e3o das Empresas Cerealistas do Brasil (ACEBRA) em comemora\u00e7\u00e3o ao centen\u00e1rio.<\/p>\n<p>Durante o Congresso ser\u00e3o debatidos os desafios e as oportunidades para o setor cerealista, reunindo produtores, especialistas e l\u00edderes do agroneg\u00f3cio de todo o pa\u00eds.<\/p>\n","protected":false},"excerpt":{"rendered":"<p>A Fenasoja 2024 ser\u00e1 lan\u00e7ada nesta na quinta-feira (21), dentro da programa\u00e7\u00e3o do 2\u00b0 Congresso Cerealista Brasileiro, que acontecer\u00e1 no Plaza Hotel &amp; Boulevard Convention, em Garibaldi. Na oportunidade o presidente D\u00e1rio Germano falar\u00e1 sobre as novidades da edi\u00e7\u00e3o. No ato ser\u00e1 lan\u00e7ado o livro dos 100 anos e o selo da Associa\u00e7\u00e3o das Empresas [&hellip;]<\/p>\n","protected":false},"author":2,"featured_media":104363,"comment_status":"open","ping_status":"open","sticky":false,"template":"","format":"standard","meta":{"footnotes":""},"categories":[16,48],"tags":[],"class_list":["post-104362","post","type-post","status-publish","format-standard","has-post-thumbnail","hentry","category-destaque","category-fenasoja-2024"],"_links":{"self":[{"href":"https:\/\/ativeagencia.com.br\/radiomais\/wp-json\/wp\/v2\/posts\/104362","targetHints":{"allow":["GET"]}}],"collection":[{"href":"https:\/\/ativeagencia.com.br\/radiomais\/wp-json\/wp\/v2\/posts"}],"about":[{"href":"https:\/\/ativeagencia.com.br\/radiomais\/wp-json\/wp\/v2\/types\/post"}],"author":[{"embeddable":true,"href":"https:\/\/ativeagencia.com.br\/radiomais\/wp-json\/wp\/v2\/users\/2"}],"replies":[{"embeddable":true,"href":"https:\/\/ativeagencia.com.br\/radiomais\/wp-json\/wp\/v2\/comments?post=104362"}],"version-history":[{"count":1,"href":"https:\/\/ativeagencia.com.br\/radiomais\/wp-json\/wp\/v2\/posts\/104362\/revisions"}],"predecessor-version":[{"id":104364,"href":"https:\/\/ativeagencia.com.br\/radiomais\/wp-json\/wp\/v2\/posts\/104362\/revisions\/104364"}],"wp:featuredmedia":[{"embeddable":true,"href":"https:\/\/ativeagencia.com.br\/radiomais\/wp-json\/wp\/v2\/media\/104363"}],"wp:attachment":[{"href":"https:\/\/ativeagencia.com.br\/radiomais\/wp-json\/wp\/v2\/media?parent=104362"}],"wp:term":[{"taxonomy":"category","embeddable":true,"href":"https:\/\/ativeagencia.com.br\/radiomais\/wp-json\/wp\/v2\/categories?post=104362"},{"taxonomy":"post_tag","embeddable":true,"href":"https:\/\/ativeagencia.com.br\/radiomais\/wp-json\/wp\/v2\/tags?post=104362"}],"curies":[{"name":"wp","href":"https:\/\/api.w.org\/{rel}","templated":true}]}}