{"id":104368,"date":"2024-11-19T16:52:40","date_gmt":"2024-11-19T19:52:40","guid":{"rendered":"https:\/\/ativeagencia.com.br\/radiomais\/?p=104368"},"modified":"2024-11-19T16:52:40","modified_gmt":"2024-11-19T19:52:40","slug":"desarticulada-organizacao-criminosa-que-planejou-golpe-de-estado-e-morte-de-lula","status":"publish","type":"post","link":"https:\/\/ativeagencia.com.br\/radiomais\/2024\/11\/19\/desarticulada-organizacao-criminosa-que-planejou-golpe-de-estado-e-morte-de-lula\/","title":{"rendered":"Desarticulada organiza\u00e7\u00e3o criminosa que planejou Golpe de Estado e morte de Lula"},"content":{"rendered":"<p>A Pol\u00edcia Federal deflagrou nesta ter\u00e7a-feira (19) uma opera\u00e7\u00e3o contra uma organiza\u00e7\u00e3o criminosa que teria planejado um golpe de Estado ap\u00f3s as elei\u00e7\u00f5es de 2022 para impedir a posse do presidente Luiz In\u00e1cio Lula da Silva e restringir a atua\u00e7\u00e3o do Poder Judici\u00e1rio.<\/p>\n<p>Segundo a Pol\u00edcia Federal, entre as a\u00e7\u00f5es elaboradas pelo grupo havia um &#8220;detalhado planejamento operacional, denominado &#8216;Punhal Verde e Amarelo&#8217;, que seria executado no dia 15 de dezembro de 2022&#8221; para matar os j\u00e1 eleitos presidente Lula e o vice-presidente Geraldo Alckmin.<\/p>\n<p>&#8220;Ainda estavam nos planos a pris\u00e3o e execu\u00e7\u00e3o de um ministro do Supremo Tribunal Federal, que vinha sendo monitorado continuamente, caso o Golpe de Estado fosse consumado&#8221;, diz a PF.<\/p>\n<p>Foram presos na opera\u00e7\u00e3o quatro militares do Ex\u00e9rcito ligados \u00e0s for\u00e7as especiais, os chamados &#8220;kids pretos&#8221;: o general de brigada Mario Fernandes (na reserva), o tenente-coronel Helio Ferreira Lima, o major Rodrigo Bezerra Azevedo e o major Rafael Martins de Oliveira, al\u00e9m do policial federal Wladimir Matos Soares.<\/p>\n<p>As pris\u00f5es foram autorizadas pelo ministro Alexandre de Moraes e j\u00e1 tinham sido cumpridas at\u00e9 as 6h50 desta ter\u00e7a.<\/p>\n<p>Um dos presos foi secret\u00e1rio-executivo da Secretaria-Geral da Presid\u00eancia da Rep\u00fablica em 2022. Depois, foi tamb\u00e9m assessor parlamentar do deputado e ex-ministro da Sa\u00fade Eduardo Pazuello.<\/p>\n<p>Em nota, o Ex\u00e9rcito confirmou que mandados foram cumpridos em Goi\u00e2nia e no Rio de Janeiro e que quatro militares foram presos.<\/p>\n<p>Segundo a corpora\u00e7\u00e3o, o capit\u00e3o Lucas Guerellus tamb\u00e9m foi alvo de buscas.<\/p>\n<p>&#8220;O Ex\u00e9rcito Brasileiro segue prestando apoio \u00e0s investiga\u00e7\u00f5es em curso, bem como aos militares envolvidos e seus familiares&#8221;, diz.<\/p>\n","protected":false},"excerpt":{"rendered":"<p>A Pol\u00edcia Federal deflagrou nesta ter\u00e7a-feira (19) uma opera\u00e7\u00e3o contra uma organiza\u00e7\u00e3o criminosa que teria planejado um golpe de Estado ap\u00f3s as elei\u00e7\u00f5es de 2022 para impedir a posse do presidente Luiz In\u00e1cio Lula da Silva e restringir a atua\u00e7\u00e3o do Poder Judici\u00e1rio. Segundo a Pol\u00edcia Federal, entre as a\u00e7\u00f5es elaboradas pelo grupo havia um [&hellip;]<\/p>\n","protected":false},"author":2,"featured_media":104369,"comment_status":"open","ping_status":"open","sticky":false,"template":"","format":"standard","meta":{"footnotes":""},"categories":[16,17],"tags":[],"class_list":["post-104368","post","type-post","status-publish","format-standard","has-post-thumbnail","hentry","category-destaque","category-politica"],"_links":{"self":[{"href":"https:\/\/ativeagencia.com.br\/radiomais\/wp-json\/wp\/v2\/posts\/104368","targetHints":{"allow":["GET"]}}],"collection":[{"href":"https:\/\/ativeagencia.com.br\/radiomais\/wp-json\/wp\/v2\/posts"}],"about":[{"href":"https:\/\/ativeagencia.com.br\/radiomais\/wp-json\/wp\/v2\/types\/post"}],"author":[{"embeddable":true,"href":"https:\/\/ativeagencia.com.br\/radiomais\/wp-json\/wp\/v2\/users\/2"}],"replies":[{"embeddable":true,"href":"https:\/\/ativeagencia.com.br\/radiomais\/wp-json\/wp\/v2\/comments?post=104368"}],"version-history":[{"count":1,"href":"https:\/\/ativeagencia.com.br\/radiomais\/wp-json\/wp\/v2\/posts\/104368\/revisions"}],"predecessor-version":[{"id":104370,"href":"https:\/\/ativeagencia.com.br\/radiomais\/wp-json\/wp\/v2\/posts\/104368\/revisions\/104370"}],"wp:featuredmedia":[{"embeddable":true,"href":"https:\/\/ativeagencia.com.br\/radiomais\/wp-json\/wp\/v2\/media\/104369"}],"wp:attachment":[{"href":"https:\/\/ativeagencia.com.br\/radiomais\/wp-json\/wp\/v2\/media?parent=104368"}],"wp:term":[{"taxonomy":"category","embeddable":true,"href":"https:\/\/ativeagencia.com.br\/radiomais\/wp-json\/wp\/v2\/categories?post=104368"},{"taxonomy":"post_tag","embeddable":true,"href":"https:\/\/ativeagencia.com.br\/radiomais\/wp-json\/wp\/v2\/tags?post=104368"}],"curies":[{"name":"wp","href":"https:\/\/api.w.org\/{rel}","templated":true}]}}