{"id":104371,"date":"2024-11-19T17:19:20","date_gmt":"2024-11-19T20:19:20","guid":{"rendered":"https:\/\/ativeagencia.com.br\/radiomais\/?p=104371"},"modified":"2024-11-19T17:21:40","modified_gmt":"2024-11-19T20:21:40","slug":"104371","status":"publish","type":"post","link":"https:\/\/ativeagencia.com.br\/radiomais\/2024\/11\/19\/104371\/","title":{"rendered":"Secret\u00e1rio de Agricultura do RS palestrar\u00e1 na Fenasoja"},"content":{"rendered":"<p>O secret\u00e1rio de Agricultura do Rio Grande do Sul, Clair Kuhn, ser\u00e1 o palestrante do \u00faltimo Almo\u00e7o de Ideias de 2024, marcado para o dia 4 de dezembro dentro da programa\u00e7\u00e3o da Fenasoja.<\/p>\n<p>O secret\u00e1rio palestra sobre \u201cO futuro da agricultura, oportunidades e o papel do estado\u201d.<\/p>\n<p>O evento, promovido pela ACISAP ocorrer\u00e1 na sede do Clube da Terceira Idade Renascer Juntos, do parque de exposi\u00e7\u00f5es. Os cart\u00f5es podem ser adquiridos na secretaria da Associa\u00e7\u00e3o Comercial de Santa Rosa.<\/p>\n","protected":false},"excerpt":{"rendered":"<p>O secret\u00e1rio de Agricultura do Rio Grande do Sul, Clair Kuhn, ser\u00e1 o palestrante do \u00faltimo Almo\u00e7o de Ideias de 2024, marcado para o dia 4 de dezembro dentro da programa\u00e7\u00e3o da Fenasoja. O secret\u00e1rio palestra sobre \u201cO futuro da agricultura, oportunidades e o papel do estado\u201d. O evento, promovido pela ACISAP ocorrer\u00e1 na sede [&hellip;]<\/p>\n","protected":false},"author":2,"featured_media":104372,"comment_status":"open","ping_status":"open","sticky":false,"template":"","format":"standard","meta":{"footnotes":""},"categories":[16,48],"tags":[],"class_list":["post-104371","post","type-post","status-publish","format-standard","has-post-thumbnail","hentry","category-destaque","category-fenasoja-2024"],"_links":{"self":[{"href":"https:\/\/ativeagencia.com.br\/radiomais\/wp-json\/wp\/v2\/posts\/104371","targetHints":{"allow":["GET"]}}],"collection":[{"href":"https:\/\/ativeagencia.com.br\/radiomais\/wp-json\/wp\/v2\/posts"}],"about":[{"href":"https:\/\/ativeagencia.com.br\/radiomais\/wp-json\/wp\/v2\/types\/post"}],"author":[{"embeddable":true,"href":"https:\/\/ativeagencia.com.br\/radiomais\/wp-json\/wp\/v2\/users\/2"}],"replies":[{"embeddable":true,"href":"https:\/\/ativeagencia.com.br\/radiomais\/wp-json\/wp\/v2\/comments?post=104371"}],"version-history":[{"count":4,"href":"https:\/\/ativeagencia.com.br\/radiomais\/wp-json\/wp\/v2\/posts\/104371\/revisions"}],"predecessor-version":[{"id":104376,"href":"https:\/\/ativeagencia.com.br\/radiomais\/wp-json\/wp\/v2\/posts\/104371\/revisions\/104376"}],"wp:featuredmedia":[{"embeddable":true,"href":"https:\/\/ativeagencia.com.br\/radiomais\/wp-json\/wp\/v2\/media\/104372"}],"wp:attachment":[{"href":"https:\/\/ativeagencia.com.br\/radiomais\/wp-json\/wp\/v2\/media?parent=104371"}],"wp:term":[{"taxonomy":"category","embeddable":true,"href":"https:\/\/ativeagencia.com.br\/radiomais\/wp-json\/wp\/v2\/categories?post=104371"},{"taxonomy":"post_tag","embeddable":true,"href":"https:\/\/ativeagencia.com.br\/radiomais\/wp-json\/wp\/v2\/tags?post=104371"}],"curies":[{"name":"wp","href":"https:\/\/api.w.org\/{rel}","templated":true}]}}