{"id":104415,"date":"2024-11-28T10:53:25","date_gmt":"2024-11-28T13:53:25","guid":{"rendered":"https:\/\/ativeagencia.com.br\/radiomais\/?p=104415"},"modified":"2024-11-28T10:56:38","modified_gmt":"2024-11-28T13:56:38","slug":"104415","status":"publish","type":"post","link":"https:\/\/ativeagencia.com.br\/radiomais\/2024\/11\/28\/104415\/","title":{"rendered":"Minist\u00e9rio da Sa\u00fade destina R$ 84 milh\u00f5es a hospitais ga\u00fachos"},"content":{"rendered":"<p>Nesta quarta-feira (27), o Hospital Vida &amp; Sa\u00fade esteve representado no an\u00fancio de repasse de recursos extras para Hospitais Filantr\u00f3picos do Rio Grande do Sul.<\/p>\n<p>Realizado em Porto Alegre, o an\u00fancio da destina\u00e7\u00e3o de R$ 84 milh\u00f5es para os hospitais ga\u00fachos foi feito pela ministra da sa\u00fade N\u00edsia Trindade. O valor corresponde a segunda parcela do pagamento que teve in\u00edcio em julho deste ano, em raz\u00e3o da calamidade causada pelas enchentes, as consequ\u00eancias estruturais causadas nas institui\u00e7\u00f5es e a import\u00e2ncia da manuten\u00e7\u00e3o dos hospitais para a assist\u00eancia da comunidade.<\/p>\n<p>Participaram do ato, a diretora-geral do Vida &amp; Sa\u00fade, Vanderli de Barros, que preside a Federa\u00e7\u00e3o das Santas Casas e dos Hospitais Sem Fins Lucrativos do RS; o diretor de infraestrutura, Rodrigo Calixto; a gerente da Unidade S\u00e3o Jos\u00e9, Fernanda Flores e a supervisora administrativa, Lizoneide Froes. O presidente da Funda\u00e7\u00e3o Municipal de Sa\u00fade, D\u00e9lcio Stefan tamb\u00e9m acompanhou a solenidade.<\/p>\n<p>A secret\u00e1ria estadual de Sa\u00fade, Arita Bergmann participou do ato.<\/p>\n","protected":false},"excerpt":{"rendered":"<p>Nesta quarta-feira (27), o Hospital Vida &amp; Sa\u00fade esteve representado no an\u00fancio de repasse de recursos extras para Hospitais Filantr\u00f3picos do Rio Grande do Sul. Realizado em Porto Alegre, o an\u00fancio da destina\u00e7\u00e3o de R$ 84 milh\u00f5es para os hospitais ga\u00fachos foi feito pela ministra da sa\u00fade N\u00edsia Trindade. O valor corresponde a segunda parcela [&hellip;]<\/p>\n","protected":false},"author":2,"featured_media":104420,"comment_status":"open","ping_status":"open","sticky":false,"template":"","format":"standard","meta":{"footnotes":""},"categories":[16,23],"tags":[],"class_list":["post-104415","post","type-post","status-publish","format-standard","has-post-thumbnail","hentry","category-destaque","category-medicina-saude"],"_links":{"self":[{"href":"https:\/\/ativeagencia.com.br\/radiomais\/wp-json\/wp\/v2\/posts\/104415","targetHints":{"allow":["GET"]}}],"collection":[{"href":"https:\/\/ativeagencia.com.br\/radiomais\/wp-json\/wp\/v2\/posts"}],"about":[{"href":"https:\/\/ativeagencia.com.br\/radiomais\/wp-json\/wp\/v2\/types\/post"}],"author":[{"embeddable":true,"href":"https:\/\/ativeagencia.com.br\/radiomais\/wp-json\/wp\/v2\/users\/2"}],"replies":[{"embeddable":true,"href":"https:\/\/ativeagencia.com.br\/radiomais\/wp-json\/wp\/v2\/comments?post=104415"}],"version-history":[{"count":3,"href":"https:\/\/ativeagencia.com.br\/radiomais\/wp-json\/wp\/v2\/posts\/104415\/revisions"}],"predecessor-version":[{"id":104421,"href":"https:\/\/ativeagencia.com.br\/radiomais\/wp-json\/wp\/v2\/posts\/104415\/revisions\/104421"}],"wp:featuredmedia":[{"embeddable":true,"href":"https:\/\/ativeagencia.com.br\/radiomais\/wp-json\/wp\/v2\/media\/104420"}],"wp:attachment":[{"href":"https:\/\/ativeagencia.com.br\/radiomais\/wp-json\/wp\/v2\/media?parent=104415"}],"wp:term":[{"taxonomy":"category","embeddable":true,"href":"https:\/\/ativeagencia.com.br\/radiomais\/wp-json\/wp\/v2\/categories?post=104415"},{"taxonomy":"post_tag","embeddable":true,"href":"https:\/\/ativeagencia.com.br\/radiomais\/wp-json\/wp\/v2\/tags?post=104415"}],"curies":[{"name":"wp","href":"https:\/\/api.w.org\/{rel}","templated":true}]}}