{"id":104460,"date":"2025-01-13T10:23:06","date_gmt":"2025-01-13T13:23:06","guid":{"rendered":"https:\/\/ativeagencia.com.br\/radiomais\/?p=104460"},"modified":"2025-01-13T10:23:06","modified_gmt":"2025-01-13T13:23:06","slug":"comissao-central-organiza-musicanto-2025","status":"publish","type":"post","link":"https:\/\/ativeagencia.com.br\/radiomais\/2025\/01\/13\/comissao-central-organiza-musicanto-2025\/","title":{"rendered":"Comiss\u00e3o Central organiza Musicanto 2025"},"content":{"rendered":"<p>A comiss\u00e3o central respons\u00e1vel pelo Musicanto Sulamericano de Nativismo de Santa Rosa, j\u00e1 trabalha intensamente na sua organiza\u00e7\u00e3o.<\/p>\n<p>O festival, que chega a sua 30\u00aa edi\u00e7\u00e3o, acontece nos dias 6, 7 e 8 de novembro deste ano no Centro C\u00edvico Ant\u00f4nio Carlos Borges.<\/p>\n<p>O Musicanto, criado em 1983, tem como presidente Fernando Borela, que j\u00e1 se re\u00fane com membros da Comiss\u00e3o a fim de tratar estrat\u00e9gias visando a capta\u00e7\u00e3o de recursos financeiros para a concretiza\u00e7\u00e3o do festival, reconhecido como um dos mais importantes do pa\u00eds.<\/p>\n","protected":false},"excerpt":{"rendered":"<p>A comiss\u00e3o central respons\u00e1vel pelo Musicanto Sulamericano de Nativismo de Santa Rosa, j\u00e1 trabalha intensamente na sua organiza\u00e7\u00e3o. O festival, que chega a sua 30\u00aa edi\u00e7\u00e3o, acontece nos dias 6, 7 e 8 de novembro deste ano no Centro C\u00edvico Ant\u00f4nio Carlos Borges. O Musicanto, criado em 1983, tem como presidente Fernando Borela, que j\u00e1 [&hellip;]<\/p>\n","protected":false},"author":2,"featured_media":104461,"comment_status":"open","ping_status":"open","sticky":false,"template":"","format":"standard","meta":{"footnotes":""},"categories":[16,55],"tags":[],"class_list":["post-104460","post","type-post","status-publish","format-standard","has-post-thumbnail","hentry","category-destaque","category-musicanto-2025"],"_links":{"self":[{"href":"https:\/\/ativeagencia.com.br\/radiomais\/wp-json\/wp\/v2\/posts\/104460","targetHints":{"allow":["GET"]}}],"collection":[{"href":"https:\/\/ativeagencia.com.br\/radiomais\/wp-json\/wp\/v2\/posts"}],"about":[{"href":"https:\/\/ativeagencia.com.br\/radiomais\/wp-json\/wp\/v2\/types\/post"}],"author":[{"embeddable":true,"href":"https:\/\/ativeagencia.com.br\/radiomais\/wp-json\/wp\/v2\/users\/2"}],"replies":[{"embeddable":true,"href":"https:\/\/ativeagencia.com.br\/radiomais\/wp-json\/wp\/v2\/comments?post=104460"}],"version-history":[{"count":1,"href":"https:\/\/ativeagencia.com.br\/radiomais\/wp-json\/wp\/v2\/posts\/104460\/revisions"}],"predecessor-version":[{"id":104462,"href":"https:\/\/ativeagencia.com.br\/radiomais\/wp-json\/wp\/v2\/posts\/104460\/revisions\/104462"}],"wp:featuredmedia":[{"embeddable":true,"href":"https:\/\/ativeagencia.com.br\/radiomais\/wp-json\/wp\/v2\/media\/104461"}],"wp:attachment":[{"href":"https:\/\/ativeagencia.com.br\/radiomais\/wp-json\/wp\/v2\/media?parent=104460"}],"wp:term":[{"taxonomy":"category","embeddable":true,"href":"https:\/\/ativeagencia.com.br\/radiomais\/wp-json\/wp\/v2\/categories?post=104460"},{"taxonomy":"post_tag","embeddable":true,"href":"https:\/\/ativeagencia.com.br\/radiomais\/wp-json\/wp\/v2\/tags?post=104460"}],"curies":[{"name":"wp","href":"https:\/\/api.w.org\/{rel}","templated":true}]}}