{"id":104463,"date":"2025-01-07T13:30:50","date_gmt":"2025-01-07T16:30:50","guid":{"rendered":"https:\/\/ativeagencia.com.br\/radiomais\/?p=104463"},"modified":"2025-01-13T10:36:15","modified_gmt":"2025-01-13T13:36:15","slug":"bombeiros-resgatam-jacare-em-propriedade-no-interior-de-santo-cristo","status":"publish","type":"post","link":"https:\/\/ativeagencia.com.br\/radiomais\/2025\/01\/07\/bombeiros-resgatam-jacare-em-propriedade-no-interior-de-santo-cristo\/","title":{"rendered":"Bombeiros resgatam jacar\u00e9 em propriedade no interior de Santo Cristo"},"content":{"rendered":"<p>Um jacar\u00e9, que encontrava-se em um a\u00e7ude de uma propriedade na Linha Guaraipo, interior do munic\u00edpio foi resgatado nesta ter\u00e7a-feira (7).<\/p>\n<p>A a\u00e7\u00e3o envolveu os Bombeiros Voluntario de Santo Cristo, os Bombeiros de Santa Rosa e a Pol\u00edcia Ambiental da Brigada Militar, que agora levar\u00e1 o animal a Santa Maria.<\/p>\n<p>Uma retroescavadeira da prefeitura de Santo Cristo foi usada para abrir o a\u00e7ude.<\/p>\n","protected":false},"excerpt":{"rendered":"<p>Um jacar\u00e9, que encontrava-se em um a\u00e7ude de uma propriedade na Linha Guaraipo, interior do munic\u00edpio foi resgatado nesta ter\u00e7a-feira (7). A a\u00e7\u00e3o envolveu os Bombeiros Voluntario de Santo Cristo, os Bombeiros de Santa Rosa e a Pol\u00edcia Ambiental da Brigada Militar, que agora levar\u00e1 o animal a Santa Maria. Uma retroescavadeira da prefeitura de [&hellip;]<\/p>\n","protected":false},"author":2,"featured_media":104464,"comment_status":"open","ping_status":"open","sticky":false,"template":"","format":"standard","meta":{"footnotes":""},"categories":[16,13],"tags":[],"class_list":["post-104463","post","type-post","status-publish","format-standard","has-post-thumbnail","hentry","category-destaque","category-geral"],"_links":{"self":[{"href":"https:\/\/ativeagencia.com.br\/radiomais\/wp-json\/wp\/v2\/posts\/104463","targetHints":{"allow":["GET"]}}],"collection":[{"href":"https:\/\/ativeagencia.com.br\/radiomais\/wp-json\/wp\/v2\/posts"}],"about":[{"href":"https:\/\/ativeagencia.com.br\/radiomais\/wp-json\/wp\/v2\/types\/post"}],"author":[{"embeddable":true,"href":"https:\/\/ativeagencia.com.br\/radiomais\/wp-json\/wp\/v2\/users\/2"}],"replies":[{"embeddable":true,"href":"https:\/\/ativeagencia.com.br\/radiomais\/wp-json\/wp\/v2\/comments?post=104463"}],"version-history":[{"count":1,"href":"https:\/\/ativeagencia.com.br\/radiomais\/wp-json\/wp\/v2\/posts\/104463\/revisions"}],"predecessor-version":[{"id":104465,"href":"https:\/\/ativeagencia.com.br\/radiomais\/wp-json\/wp\/v2\/posts\/104463\/revisions\/104465"}],"wp:featuredmedia":[{"embeddable":true,"href":"https:\/\/ativeagencia.com.br\/radiomais\/wp-json\/wp\/v2\/media\/104464"}],"wp:attachment":[{"href":"https:\/\/ativeagencia.com.br\/radiomais\/wp-json\/wp\/v2\/media?parent=104463"}],"wp:term":[{"taxonomy":"category","embeddable":true,"href":"https:\/\/ativeagencia.com.br\/radiomais\/wp-json\/wp\/v2\/categories?post=104463"},{"taxonomy":"post_tag","embeddable":true,"href":"https:\/\/ativeagencia.com.br\/radiomais\/wp-json\/wp\/v2\/tags?post=104463"}],"curies":[{"name":"wp","href":"https:\/\/api.w.org\/{rel}","templated":true}]}}