{"id":104466,"date":"2025-01-13T10:41:07","date_gmt":"2025-01-13T13:41:07","guid":{"rendered":"https:\/\/ativeagencia.com.br\/radiomais\/?p=104466"},"modified":"2025-01-13T10:41:07","modified_gmt":"2025-01-13T13:41:07","slug":"mais-de-2-mil-presos-que-sairam-no-fim-do-ano-nao-retornaram","status":"publish","type":"post","link":"https:\/\/ativeagencia.com.br\/radiomais\/2025\/01\/13\/mais-de-2-mil-presos-que-sairam-no-fim-do-ano-nao-retornaram\/","title":{"rendered":"Mais de 2 mil presos que sa\u00edram no fim do ano n\u00e3o retornaram"},"content":{"rendered":"<p>Mais de 2 mil presos que tiveram direito \u00e0 sa\u00edda de Natal entre o fim de 2024 e o in\u00edcio de 2025 n\u00e3o retornaram aos pres\u00eddios.<\/p>\n<p>O benef\u00edcio foi concedido a 48,3 mil detentos em 15 estados e no Distrito Federal, e cerca de 4,3% n\u00e3o voltaram no prazo estipulado.<\/p>\n<p>S\u00e3o Paulo lidera em n\u00fameros absolutos, com 1.292 foragidos, enquanto o Rio de Janeiro registra a maior taxa proporcional, com 14% dos beneficiados em situa\u00e7\u00e3o de fuga.<\/p>\n<p>Especialistas avaliam que a taxa de evas\u00e3o \u00e9 baixa e segue padr\u00f5es hist\u00f3ricos. Eles defendem a import\u00e2ncia da sa\u00edda tempor\u00e1ria como ferramenta de ressocializa\u00e7\u00e3o, mas apontam a necessidade de maior preparo dos presos para evitar evas\u00f5es.<\/p>\n<p>A Lei de Execu\u00e7\u00f5es Penais prev\u00ea a perda do benef\u00edcio e o retorno ao regime fechado para detentos que n\u00e3o retornam.<\/p>\n","protected":false},"excerpt":{"rendered":"<p>Mais de 2 mil presos que tiveram direito \u00e0 sa\u00edda de Natal entre o fim de 2024 e o in\u00edcio de 2025 n\u00e3o retornaram aos pres\u00eddios. O benef\u00edcio foi concedido a 48,3 mil detentos em 15 estados e no Distrito Federal, e cerca de 4,3% n\u00e3o voltaram no prazo estipulado. S\u00e3o Paulo lidera em n\u00fameros [&hellip;]<\/p>\n","protected":false},"author":2,"featured_media":104467,"comment_status":"open","ping_status":"open","sticky":false,"template":"","format":"standard","meta":{"footnotes":""},"categories":[16,43],"tags":[],"class_list":["post-104466","post","type-post","status-publish","format-standard","has-post-thumbnail","hentry","category-destaque","category-policia"],"_links":{"self":[{"href":"https:\/\/ativeagencia.com.br\/radiomais\/wp-json\/wp\/v2\/posts\/104466","targetHints":{"allow":["GET"]}}],"collection":[{"href":"https:\/\/ativeagencia.com.br\/radiomais\/wp-json\/wp\/v2\/posts"}],"about":[{"href":"https:\/\/ativeagencia.com.br\/radiomais\/wp-json\/wp\/v2\/types\/post"}],"author":[{"embeddable":true,"href":"https:\/\/ativeagencia.com.br\/radiomais\/wp-json\/wp\/v2\/users\/2"}],"replies":[{"embeddable":true,"href":"https:\/\/ativeagencia.com.br\/radiomais\/wp-json\/wp\/v2\/comments?post=104466"}],"version-history":[{"count":1,"href":"https:\/\/ativeagencia.com.br\/radiomais\/wp-json\/wp\/v2\/posts\/104466\/revisions"}],"predecessor-version":[{"id":104468,"href":"https:\/\/ativeagencia.com.br\/radiomais\/wp-json\/wp\/v2\/posts\/104466\/revisions\/104468"}],"wp:featuredmedia":[{"embeddable":true,"href":"https:\/\/ativeagencia.com.br\/radiomais\/wp-json\/wp\/v2\/media\/104467"}],"wp:attachment":[{"href":"https:\/\/ativeagencia.com.br\/radiomais\/wp-json\/wp\/v2\/media?parent=104466"}],"wp:term":[{"taxonomy":"category","embeddable":true,"href":"https:\/\/ativeagencia.com.br\/radiomais\/wp-json\/wp\/v2\/categories?post=104466"},{"taxonomy":"post_tag","embeddable":true,"href":"https:\/\/ativeagencia.com.br\/radiomais\/wp-json\/wp\/v2\/tags?post=104466"}],"curies":[{"name":"wp","href":"https:\/\/api.w.org\/{rel}","templated":true}]}}