{"id":104469,"date":"2025-01-09T08:00:17","date_gmt":"2025-01-09T11:00:17","guid":{"rendered":"https:\/\/ativeagencia.com.br\/radiomais\/?p=104469"},"modified":"2025-01-13T10:43:57","modified_gmt":"2025-01-13T13:43:57","slug":"apreendidos-mais-de-1-100-quilos-de-maconha-no-rs","status":"publish","type":"post","link":"https:\/\/ativeagencia.com.br\/radiomais\/2025\/01\/09\/apreendidos-mais-de-1-100-quilos-de-maconha-no-rs\/","title":{"rendered":"Apreendidos mais de 1.100 quilos de maconha no RS"},"content":{"rendered":"<p>A Pol\u00edcia Civil, por meio da 3\u00aa Delegacia de Investiga\u00e7\u00f5es do Narcotr\u00e1fico do Denarc, em a\u00e7\u00e3o conjunta com a Pol\u00edcia Rodovi\u00e1ria Federal, na noite desta quarta-feira (08), apreendeu 1.164 quilos de maconha e prendeu um homem por tr\u00e1fico de drogas na BR 386, em Taba\u00ed.<\/p>\n<p>Segundo o Delegado Joel Wagner, os policiais civis, ap\u00f3s investiga\u00e7\u00f5es sobre um carregamento de maconha proveniente do Mato Grosso Sul e que abasteceria a Regi\u00e3o Metropolitana, em constante contato com a Pol\u00edcia Rodovi\u00e1ria Federal, conseguiram identificar um caminh\u00e3o que vinha da cidade de Amamba\u00ed (MS) com destino ao Rio Grande do Sul.<\/p>\n<p>Durante a abordagem, o motorista, de 48 anos, natural de Amamba\u00ed, n\u00e3o soube informar dados b\u00e1sicos sobre o destinat\u00e1rio dos m\u00f3veis, os quais eram bastante velhos (praticamente inserv\u00edveis), raz\u00e3o pela qual foram empregados c\u00e3es para auxiliar na localiza\u00e7\u00e3o dos entorpecentes, que sinalizaram positivamente para a presen\u00e7a de il\u00edcitos na carroceria.<\/p>\n","protected":false},"excerpt":{"rendered":"<p>A Pol\u00edcia Civil, por meio da 3\u00aa Delegacia de Investiga\u00e7\u00f5es do Narcotr\u00e1fico do Denarc, em a\u00e7\u00e3o conjunta com a Pol\u00edcia Rodovi\u00e1ria Federal, na noite desta quarta-feira (08), apreendeu 1.164 quilos de maconha e prendeu um homem por tr\u00e1fico de drogas na BR 386, em Taba\u00ed. Segundo o Delegado Joel Wagner, os policiais civis, ap\u00f3s investiga\u00e7\u00f5es [&hellip;]<\/p>\n","protected":false},"author":2,"featured_media":104470,"comment_status":"open","ping_status":"open","sticky":false,"template":"","format":"standard","meta":{"footnotes":""},"categories":[16,43],"tags":[],"class_list":["post-104469","post","type-post","status-publish","format-standard","has-post-thumbnail","hentry","category-destaque","category-policia"],"_links":{"self":[{"href":"https:\/\/ativeagencia.com.br\/radiomais\/wp-json\/wp\/v2\/posts\/104469","targetHints":{"allow":["GET"]}}],"collection":[{"href":"https:\/\/ativeagencia.com.br\/radiomais\/wp-json\/wp\/v2\/posts"}],"about":[{"href":"https:\/\/ativeagencia.com.br\/radiomais\/wp-json\/wp\/v2\/types\/post"}],"author":[{"embeddable":true,"href":"https:\/\/ativeagencia.com.br\/radiomais\/wp-json\/wp\/v2\/users\/2"}],"replies":[{"embeddable":true,"href":"https:\/\/ativeagencia.com.br\/radiomais\/wp-json\/wp\/v2\/comments?post=104469"}],"version-history":[{"count":1,"href":"https:\/\/ativeagencia.com.br\/radiomais\/wp-json\/wp\/v2\/posts\/104469\/revisions"}],"predecessor-version":[{"id":104471,"href":"https:\/\/ativeagencia.com.br\/radiomais\/wp-json\/wp\/v2\/posts\/104469\/revisions\/104471"}],"wp:featuredmedia":[{"embeddable":true,"href":"https:\/\/ativeagencia.com.br\/radiomais\/wp-json\/wp\/v2\/media\/104470"}],"wp:attachment":[{"href":"https:\/\/ativeagencia.com.br\/radiomais\/wp-json\/wp\/v2\/media?parent=104469"}],"wp:term":[{"taxonomy":"category","embeddable":true,"href":"https:\/\/ativeagencia.com.br\/radiomais\/wp-json\/wp\/v2\/categories?post=104469"},{"taxonomy":"post_tag","embeddable":true,"href":"https:\/\/ativeagencia.com.br\/radiomais\/wp-json\/wp\/v2\/tags?post=104469"}],"curies":[{"name":"wp","href":"https:\/\/api.w.org\/{rel}","templated":true}]}}