{"id":104472,"date":"2025-01-08T18:00:42","date_gmt":"2025-01-08T21:00:42","guid":{"rendered":"https:\/\/ativeagencia.com.br\/radiomais\/?p=104472"},"modified":"2025-01-13T10:46:43","modified_gmt":"2025-01-13T13:46:43","slug":"homem-cultivava-maconha-na-sua-residencia-em-tuparendi","status":"publish","type":"post","link":"https:\/\/ativeagencia.com.br\/radiomais\/2025\/01\/08\/homem-cultivava-maconha-na-sua-residencia-em-tuparendi\/","title":{"rendered":"Homem cultivava maconha na sua resid\u00eancia, em Tuparendi"},"content":{"rendered":"<p>A Brigada Militar de Tuparendi foi acionada na tarde desta quarta-feira para verificar uma den\u00fancia an\u00f4nima de que um homem tinha um p\u00e9 de maconha plantado no p\u00e1tio de sua resid\u00eancia, na Rua S\u00e3o Paulo.<\/p>\n<p>Chegando ao local, os policiais militares confirmaram a informa\u00e7\u00e3o. A planta tinha 2 metros e meio de altura.<br \/>\nO propriet\u00e1rio, um homem de 54 anos, confirmou ter sido ele quem plantou e cultivava a droga. Disse tamb\u00e9m ser viciado.<\/p>\n<p>A maconha foi apreendida e o homem levado \u00e0 DP para esclarecimentos.<\/p>\n","protected":false},"excerpt":{"rendered":"<p>A Brigada Militar de Tuparendi foi acionada na tarde desta quarta-feira para verificar uma den\u00fancia an\u00f4nima de que um homem tinha um p\u00e9 de maconha plantado no p\u00e1tio de sua resid\u00eancia, na Rua S\u00e3o Paulo. Chegando ao local, os policiais militares confirmaram a informa\u00e7\u00e3o. A planta tinha 2 metros e meio de altura. O propriet\u00e1rio, [&hellip;]<\/p>\n","protected":false},"author":2,"featured_media":104473,"comment_status":"open","ping_status":"open","sticky":false,"template":"","format":"standard","meta":{"footnotes":""},"categories":[16,43],"tags":[],"class_list":["post-104472","post","type-post","status-publish","format-standard","has-post-thumbnail","hentry","category-destaque","category-policia"],"_links":{"self":[{"href":"https:\/\/ativeagencia.com.br\/radiomais\/wp-json\/wp\/v2\/posts\/104472","targetHints":{"allow":["GET"]}}],"collection":[{"href":"https:\/\/ativeagencia.com.br\/radiomais\/wp-json\/wp\/v2\/posts"}],"about":[{"href":"https:\/\/ativeagencia.com.br\/radiomais\/wp-json\/wp\/v2\/types\/post"}],"author":[{"embeddable":true,"href":"https:\/\/ativeagencia.com.br\/radiomais\/wp-json\/wp\/v2\/users\/2"}],"replies":[{"embeddable":true,"href":"https:\/\/ativeagencia.com.br\/radiomais\/wp-json\/wp\/v2\/comments?post=104472"}],"version-history":[{"count":1,"href":"https:\/\/ativeagencia.com.br\/radiomais\/wp-json\/wp\/v2\/posts\/104472\/revisions"}],"predecessor-version":[{"id":104474,"href":"https:\/\/ativeagencia.com.br\/radiomais\/wp-json\/wp\/v2\/posts\/104472\/revisions\/104474"}],"wp:featuredmedia":[{"embeddable":true,"href":"https:\/\/ativeagencia.com.br\/radiomais\/wp-json\/wp\/v2\/media\/104473"}],"wp:attachment":[{"href":"https:\/\/ativeagencia.com.br\/radiomais\/wp-json\/wp\/v2\/media?parent=104472"}],"wp:term":[{"taxonomy":"category","embeddable":true,"href":"https:\/\/ativeagencia.com.br\/radiomais\/wp-json\/wp\/v2\/categories?post=104472"},{"taxonomy":"post_tag","embeddable":true,"href":"https:\/\/ativeagencia.com.br\/radiomais\/wp-json\/wp\/v2\/tags?post=104472"}],"curies":[{"name":"wp","href":"https:\/\/api.w.org\/{rel}","templated":true}]}}