{"id":104475,"date":"2025-01-06T10:49:02","date_gmt":"2025-01-06T13:49:02","guid":{"rendered":"https:\/\/ativeagencia.com.br\/radiomais\/?p=104475"},"modified":"2025-01-13T10:52:53","modified_gmt":"2025-01-13T13:52:53","slug":"em-analise-projeto-de-terra-que-autoriza-acesso-forcado-a-imoveis-no-combate-a-aedes-aegypti","status":"publish","type":"post","link":"https:\/\/ativeagencia.com.br\/radiomais\/2025\/01\/06\/em-analise-projeto-de-terra-que-autoriza-acesso-forcado-a-imoveis-no-combate-a-aedes-aegypti\/","title":{"rendered":"Em an\u00e1lise projeto de Terra que autoriza acesso for\u00e7ado a im\u00f3veis no combate ao Aedes aegypti"},"content":{"rendered":"<p>Est\u00e1 em tramita\u00e7\u00e3o na Comiss\u00e3o de Constitui\u00e7\u00e3o, Justi\u00e7a e Cidadania (CCJC) da C\u00e2mara Federal o Projeto de Lei n\u00ba 3826\/2015, de autoria do deputado Osmar Terra (MDB) que permite \u00e0s autoridades sanit\u00e1rias o acesso for\u00e7ado em im\u00f3veis p\u00fablicos e privados, para combater focos de doen\u00e7as infecciosas.<\/p>\n<p>Com a chegada do ver\u00e3o e as chuvas, aumenta o perigo da dengue, zika e febre Chikungunya. As equipes sanit\u00e1rias encontram dificuldade de acesso em alguns im\u00f3veis, o que dificulta ou impossibilita o controle e elimina\u00e7\u00e3o de focos do mosquito aedes aegypti.<\/p>\n<p>Na justificativa, Osmar Terra adverte que o Brasil vive uma epidemia de microcefalia, causado pelo zika v\u00edrus e que h\u00e1 uma a urg\u00eancia em conter a prolifera\u00e7\u00e3o destas doen\u00e7as, cujos surtos t\u00eam causado graves problemas de sa\u00fade p\u00fablica.<br \/>\n\u201cAs desculpas v\u00e3o desde a falta de tempo dos propriet\u00e1rios at\u00e9 a desconfian\u00e7a se quem bate \u00e0 porta \u00e9 uma pessoa credenciada, passando pela certeza de que o quintal n\u00e3o tem focos de reprodu\u00e7\u00e3o do mosquito\u201d, lembra o deputado, refor\u00e7ando que o problema \u00e9 que com o ver\u00e3o, h\u00e1 o crescimento dos casos de dengue e febre Chikungunya, febre amarela, s\u00edndrome neurol\u00f3gica de Guillan-Barr\u00e9 e zika.<\/p>\n<p>\u201cEstas doen\u00e7as s\u00e3o graves e exigem uma a\u00e7\u00e3o forte do governo. \u00c9 preciso agir agora, antes que o v\u00edrus chegue a todas as localidades e, mesmo quando chegar, dever\u00e1 haver uma a\u00e7\u00e3o de grande combate na elimina\u00e7\u00e3o dos focos. A comunidade deve permitir que os agentes fiscalizem os p\u00e1tios, caso n\u00e3o permita a lei ir\u00e1 ampar\u00e1-los\u201d.<\/p>\n","protected":false},"excerpt":{"rendered":"<p>Est\u00e1 em tramita\u00e7\u00e3o na Comiss\u00e3o de Constitui\u00e7\u00e3o, Justi\u00e7a e Cidadania (CCJC) da C\u00e2mara Federal o Projeto de Lei n\u00ba 3826\/2015, de autoria do deputado Osmar Terra (MDB) que permite \u00e0s autoridades sanit\u00e1rias o acesso for\u00e7ado em im\u00f3veis p\u00fablicos e privados, para combater focos de doen\u00e7as infecciosas. Com a chegada do ver\u00e3o e as chuvas, aumenta [&hellip;]<\/p>\n","protected":false},"author":2,"featured_media":104476,"comment_status":"open","ping_status":"open","sticky":false,"template":"","format":"standard","meta":{"footnotes":""},"categories":[16,24],"tags":[],"class_list":["post-104475","post","type-post","status-publish","format-standard","has-post-thumbnail","hentry","category-destaque","category-saude"],"_links":{"self":[{"href":"https:\/\/ativeagencia.com.br\/radiomais\/wp-json\/wp\/v2\/posts\/104475","targetHints":{"allow":["GET"]}}],"collection":[{"href":"https:\/\/ativeagencia.com.br\/radiomais\/wp-json\/wp\/v2\/posts"}],"about":[{"href":"https:\/\/ativeagencia.com.br\/radiomais\/wp-json\/wp\/v2\/types\/post"}],"author":[{"embeddable":true,"href":"https:\/\/ativeagencia.com.br\/radiomais\/wp-json\/wp\/v2\/users\/2"}],"replies":[{"embeddable":true,"href":"https:\/\/ativeagencia.com.br\/radiomais\/wp-json\/wp\/v2\/comments?post=104475"}],"version-history":[{"count":2,"href":"https:\/\/ativeagencia.com.br\/radiomais\/wp-json\/wp\/v2\/posts\/104475\/revisions"}],"predecessor-version":[{"id":104478,"href":"https:\/\/ativeagencia.com.br\/radiomais\/wp-json\/wp\/v2\/posts\/104475\/revisions\/104478"}],"wp:featuredmedia":[{"embeddable":true,"href":"https:\/\/ativeagencia.com.br\/radiomais\/wp-json\/wp\/v2\/media\/104476"}],"wp:attachment":[{"href":"https:\/\/ativeagencia.com.br\/radiomais\/wp-json\/wp\/v2\/media?parent=104475"}],"wp:term":[{"taxonomy":"category","embeddable":true,"href":"https:\/\/ativeagencia.com.br\/radiomais\/wp-json\/wp\/v2\/categories?post=104475"},{"taxonomy":"post_tag","embeddable":true,"href":"https:\/\/ativeagencia.com.br\/radiomais\/wp-json\/wp\/v2\/tags?post=104475"}],"curies":[{"name":"wp","href":"https:\/\/api.w.org\/{rel}","templated":true}]}}