{"id":104482,"date":"2025-01-06T10:58:38","date_gmt":"2025-01-06T13:58:38","guid":{"rendered":"https:\/\/ativeagencia.com.br\/radiomais\/?p=104482"},"modified":"2025-01-13T11:01:22","modified_gmt":"2025-01-13T14:01:22","slug":"fernanda-torres-ganha-globo-de-ouro-como-melhor-atriz-por-atuacao-em-ainda-estou-aqui","status":"publish","type":"post","link":"https:\/\/ativeagencia.com.br\/radiomais\/2025\/01\/06\/fernanda-torres-ganha-globo-de-ouro-como-melhor-atriz-por-atuacao-em-ainda-estou-aqui\/","title":{"rendered":"Fernanda Torres ganha Globo de Ouro como Melhor Atriz por atua\u00e7\u00e3o em Ainda estou aqui"},"content":{"rendered":"<p>Fernanda Torres\u00a0conquistou a estatueta de Melhor Atriz em Filme de Drama por sua atua\u00e7\u00e3o em\u00a0Ainda Estou Aqui, produ\u00e7\u00e3o original do Globoplay.<\/p>\n<p>A emocionante performance da atriz chamou a aten\u00e7\u00e3o da cr\u00edtica internacional, consolidando o talento dela em um dos maiores palcos do entretenimento mundial, o Globo de Ouro.<\/p>\n<p>Concorrendo ao lado de Pamela Anderson, Angelina Jolie, Nicole Kidman, Tilda Swinton e Kate Winslet, Fernanda Torres levou a melhor e trouxe o pr\u00eamio in\u00e9dito ao Brasil.<\/p>\n<p>Em seu discurso, Fernanda Torres dedicou o pr\u00eamio \u00e0 m\u00e3e, Fernanda Montenegro, que foi indicada ao mesmo pr\u00eamio h\u00e1 25 anos por sua atua\u00e7\u00e3o em &#8220;Central do Brasil&#8221;.<\/p>\n","protected":false},"excerpt":{"rendered":"<p>Fernanda Torres\u00a0conquistou a estatueta de Melhor Atriz em Filme de Drama por sua atua\u00e7\u00e3o em\u00a0Ainda Estou Aqui, produ\u00e7\u00e3o original do Globoplay. A emocionante performance da atriz chamou a aten\u00e7\u00e3o da cr\u00edtica internacional, consolidando o talento dela em um dos maiores palcos do entretenimento mundial, o Globo de Ouro. Concorrendo ao lado de Pamela Anderson, Angelina [&hellip;]<\/p>\n","protected":false},"author":2,"featured_media":104483,"comment_status":"open","ping_status":"open","sticky":false,"template":"","format":"standard","meta":{"footnotes":""},"categories":[58,16],"tags":[],"class_list":["post-104482","post","type-post","status-publish","format-standard","has-post-thumbnail","hentry","category-cultura","category-destaque"],"_links":{"self":[{"href":"https:\/\/ativeagencia.com.br\/radiomais\/wp-json\/wp\/v2\/posts\/104482","targetHints":{"allow":["GET"]}}],"collection":[{"href":"https:\/\/ativeagencia.com.br\/radiomais\/wp-json\/wp\/v2\/posts"}],"about":[{"href":"https:\/\/ativeagencia.com.br\/radiomais\/wp-json\/wp\/v2\/types\/post"}],"author":[{"embeddable":true,"href":"https:\/\/ativeagencia.com.br\/radiomais\/wp-json\/wp\/v2\/users\/2"}],"replies":[{"embeddable":true,"href":"https:\/\/ativeagencia.com.br\/radiomais\/wp-json\/wp\/v2\/comments?post=104482"}],"version-history":[{"count":1,"href":"https:\/\/ativeagencia.com.br\/radiomais\/wp-json\/wp\/v2\/posts\/104482\/revisions"}],"predecessor-version":[{"id":104484,"href":"https:\/\/ativeagencia.com.br\/radiomais\/wp-json\/wp\/v2\/posts\/104482\/revisions\/104484"}],"wp:featuredmedia":[{"embeddable":true,"href":"https:\/\/ativeagencia.com.br\/radiomais\/wp-json\/wp\/v2\/media\/104483"}],"wp:attachment":[{"href":"https:\/\/ativeagencia.com.br\/radiomais\/wp-json\/wp\/v2\/media?parent=104482"}],"wp:term":[{"taxonomy":"category","embeddable":true,"href":"https:\/\/ativeagencia.com.br\/radiomais\/wp-json\/wp\/v2\/categories?post=104482"},{"taxonomy":"post_tag","embeddable":true,"href":"https:\/\/ativeagencia.com.br\/radiomais\/wp-json\/wp\/v2\/tags?post=104482"}],"curies":[{"name":"wp","href":"https:\/\/api.w.org\/{rel}","templated":true}]}}