{"id":104486,"date":"2025-01-13T15:27:01","date_gmt":"2025-01-13T18:27:01","guid":{"rendered":"https:\/\/ativeagencia.com.br\/radiomais\/?p=104486"},"modified":"2025-01-13T15:27:01","modified_gmt":"2025-01-13T18:27:01","slug":"fernando-classmann-assume-como-adjunto-na-secretaria-de-desenvolvimento-urbano-do-rs","status":"publish","type":"post","link":"https:\/\/ativeagencia.com.br\/radiomais\/2025\/01\/13\/fernando-classmann-assume-como-adjunto-na-secretaria-de-desenvolvimento-urbano-do-rs\/","title":{"rendered":"Fernando Classmann assume como adjunto na Secretaria de Desenvolvimento Urbano do RS"},"content":{"rendered":"<p>O ex-vereador e ex-presidente da C\u00e2mara de Vereadores de Santa Rosa, Fernando Classmann, \u00e9 o novo secret\u00e1rio adjunto de Desenvolvimento Urbano, no Governo do Estado.<\/p>\n<p>Fernando \u00e9 advogado e respondia pela assessoria especial da Casa Civil, cargo que deixa para a nova fun\u00e7\u00e3o.<\/p>\n<p>Advogado, Fernando Classmann \u00e9 sobrinho do l\u00edder da bancada do Uni\u00e3o Brasil, deputado Aloisio Classmann.<\/p>\n<p>Al\u00e9m de Santa Rosa, foi vereador em sua terra natal: Boa Vista do Buric\u00e1. Antes de assumir cargo no Estado, nomeado por Eduardo Leite, Fernando Classmann atuou como secret\u00e1rio de Esportes de Santa Rosa.<\/p>\n","protected":false},"excerpt":{"rendered":"<p>O ex-vereador e ex-presidente da C\u00e2mara de Vereadores de Santa Rosa, Fernando Classmann, \u00e9 o novo secret\u00e1rio adjunto de Desenvolvimento Urbano, no Governo do Estado. Fernando \u00e9 advogado e respondia pela assessoria especial da Casa Civil, cargo que deixa para a nova fun\u00e7\u00e3o. Advogado, Fernando Classmann \u00e9 sobrinho do l\u00edder da bancada do Uni\u00e3o Brasil, [&hellip;]<\/p>\n","protected":false},"author":2,"featured_media":104487,"comment_status":"open","ping_status":"open","sticky":false,"template":"","format":"standard","meta":{"footnotes":""},"categories":[16,13],"tags":[],"class_list":["post-104486","post","type-post","status-publish","format-standard","has-post-thumbnail","hentry","category-destaque","category-geral"],"_links":{"self":[{"href":"https:\/\/ativeagencia.com.br\/radiomais\/wp-json\/wp\/v2\/posts\/104486","targetHints":{"allow":["GET"]}}],"collection":[{"href":"https:\/\/ativeagencia.com.br\/radiomais\/wp-json\/wp\/v2\/posts"}],"about":[{"href":"https:\/\/ativeagencia.com.br\/radiomais\/wp-json\/wp\/v2\/types\/post"}],"author":[{"embeddable":true,"href":"https:\/\/ativeagencia.com.br\/radiomais\/wp-json\/wp\/v2\/users\/2"}],"replies":[{"embeddable":true,"href":"https:\/\/ativeagencia.com.br\/radiomais\/wp-json\/wp\/v2\/comments?post=104486"}],"version-history":[{"count":1,"href":"https:\/\/ativeagencia.com.br\/radiomais\/wp-json\/wp\/v2\/posts\/104486\/revisions"}],"predecessor-version":[{"id":104488,"href":"https:\/\/ativeagencia.com.br\/radiomais\/wp-json\/wp\/v2\/posts\/104486\/revisions\/104488"}],"wp:featuredmedia":[{"embeddable":true,"href":"https:\/\/ativeagencia.com.br\/radiomais\/wp-json\/wp\/v2\/media\/104487"}],"wp:attachment":[{"href":"https:\/\/ativeagencia.com.br\/radiomais\/wp-json\/wp\/v2\/media?parent=104486"}],"wp:term":[{"taxonomy":"category","embeddable":true,"href":"https:\/\/ativeagencia.com.br\/radiomais\/wp-json\/wp\/v2\/categories?post=104486"},{"taxonomy":"post_tag","embeddable":true,"href":"https:\/\/ativeagencia.com.br\/radiomais\/wp-json\/wp\/v2\/tags?post=104486"}],"curies":[{"name":"wp","href":"https:\/\/api.w.org\/{rel}","templated":true}]}}