{"id":104489,"date":"2025-01-13T16:58:42","date_gmt":"2025-01-13T19:58:42","guid":{"rendered":"https:\/\/ativeagencia.com.br\/radiomais\/?p=104489"},"modified":"2025-01-13T16:58:42","modified_gmt":"2025-01-13T19:58:42","slug":"sancionada-lei-que-limita-uso-de-celulares-em-escolas-do-brasil","status":"publish","type":"post","link":"https:\/\/ativeagencia.com.br\/radiomais\/2025\/01\/13\/sancionada-lei-que-limita-uso-de-celulares-em-escolas-do-brasil\/","title":{"rendered":"Sancionada lei que limita uso de  celulares em escolas do Brasil"},"content":{"rendered":"<p>O presidente Lula sancionou nesta segunda-feira (13), sem vetos, o projeto que limita o uso de celulares nas escolas p\u00fablicas e privadas de todo o pa\u00eds. A nova lei pro\u00edbe o uso dos smartphones durante a aula, mas tamb\u00e9m no recreio ou nos intervalos entre os cursos.<\/p>\n<p>Segundo a proposta aprovada pelo Congresso, a regra valer para educa\u00e7\u00e3o b\u00e1sica, que abrange pr\u00e9-escola, ensino fundamental e ensino m\u00e9dio.<\/p>\n<p>O texto tamb\u00e9m permite o porte do celular pelos estudantes do ensino b\u00e1sico, mas estabelece que o uso s\u00f3 ser\u00e1 poss\u00edvel em casos excepcionais, como situa\u00e7\u00f5es de perigo, necessidade ou de for\u00e7a maior.<\/p>\n<p>O projeto aprovado tamb\u00e9m possibilita o uso de aparelhos eletr\u00f4nicos pessoais em sala de aula para:<\/p>\n<p>&#8211; fins estritamente pedag\u00f3gicos ou did\u00e1ticos, conforme orienta\u00e7\u00e3o do professor<\/p>\n<p>&#8211; garantir a acessibilidade e a inclus\u00e3o<\/p>\n<p>&#8211; atender as condi\u00e7\u00f5es de sa\u00fade dos estudantes e assegurar &#8220;direitos fundamentais&#8221; dos alunos<\/p>\n","protected":false},"excerpt":{"rendered":"<p>O presidente Lula sancionou nesta segunda-feira (13), sem vetos, o projeto que limita o uso de celulares nas escolas p\u00fablicas e privadas de todo o pa\u00eds. A nova lei pro\u00edbe o uso dos smartphones durante a aula, mas tamb\u00e9m no recreio ou nos intervalos entre os cursos. Segundo a proposta aprovada pelo Congresso, a regra [&hellip;]<\/p>\n","protected":false},"author":2,"featured_media":104490,"comment_status":"open","ping_status":"open","sticky":false,"template":"","format":"standard","meta":{"footnotes":""},"categories":[16,11],"tags":[],"class_list":["post-104489","post","type-post","status-publish","format-standard","has-post-thumbnail","hentry","category-destaque","category-ensino"],"_links":{"self":[{"href":"https:\/\/ativeagencia.com.br\/radiomais\/wp-json\/wp\/v2\/posts\/104489","targetHints":{"allow":["GET"]}}],"collection":[{"href":"https:\/\/ativeagencia.com.br\/radiomais\/wp-json\/wp\/v2\/posts"}],"about":[{"href":"https:\/\/ativeagencia.com.br\/radiomais\/wp-json\/wp\/v2\/types\/post"}],"author":[{"embeddable":true,"href":"https:\/\/ativeagencia.com.br\/radiomais\/wp-json\/wp\/v2\/users\/2"}],"replies":[{"embeddable":true,"href":"https:\/\/ativeagencia.com.br\/radiomais\/wp-json\/wp\/v2\/comments?post=104489"}],"version-history":[{"count":1,"href":"https:\/\/ativeagencia.com.br\/radiomais\/wp-json\/wp\/v2\/posts\/104489\/revisions"}],"predecessor-version":[{"id":104491,"href":"https:\/\/ativeagencia.com.br\/radiomais\/wp-json\/wp\/v2\/posts\/104489\/revisions\/104491"}],"wp:featuredmedia":[{"embeddable":true,"href":"https:\/\/ativeagencia.com.br\/radiomais\/wp-json\/wp\/v2\/media\/104490"}],"wp:attachment":[{"href":"https:\/\/ativeagencia.com.br\/radiomais\/wp-json\/wp\/v2\/media?parent=104489"}],"wp:term":[{"taxonomy":"category","embeddable":true,"href":"https:\/\/ativeagencia.com.br\/radiomais\/wp-json\/wp\/v2\/categories?post=104489"},{"taxonomy":"post_tag","embeddable":true,"href":"https:\/\/ativeagencia.com.br\/radiomais\/wp-json\/wp\/v2\/tags?post=104489"}],"curies":[{"name":"wp","href":"https:\/\/api.w.org\/{rel}","templated":true}]}}