{"id":104496,"date":"2025-01-15T16:00:19","date_gmt":"2025-01-15T19:00:19","guid":{"rendered":"https:\/\/ativeagencia.com.br\/radiomais\/?p=104496"},"modified":"2025-01-16T10:35:08","modified_gmt":"2025-01-16T13:35:08","slug":"governo-decide-revogar-ato-de-monitoramento-do-pix","status":"publish","type":"post","link":"https:\/\/ativeagencia.com.br\/radiomais\/2025\/01\/15\/governo-decide-revogar-ato-de-monitoramento-do-pix\/","title":{"rendered":"Governo decide revogar ato de monitoramento do Pix"},"content":{"rendered":"<p>O secret\u00e1rio da Receita Federal, Robinson Barreirinhas, anunciou nesta quarta-feira (15) que ser\u00e1 revogada a regra de monitoramento do Pix.<\/p>\n<p>\u201cVamos revogar ato da Receita que mudou valores para monitoramento de movimenta\u00e7\u00f5es financeiras. Pessoas inescrupulosas distorceram e manipularam o ato normativo da Receita Federal prejudicando milh\u00f5es de pessoas, causando p\u00e2nico principalmente na popula\u00e7\u00e3o mais humilde\u201d, afirmou Barreirinhas.<\/p>\n<p>O Fisco buscou combater os rumores ao longo dos \u00faltimos dias, por\u00e9m Barreirinhas comentou sobre uma \u201ccontinuidade do dano\u201d, apesar dos esfor\u00e7os.<\/p>\n<p>\u201cA revoga\u00e7\u00e3o se deu por dois motivos. Um deles \u00e9 tirar isso que virou uma arma na m\u00e3o desses criminosos. A segunda raz\u00e3o \u00e9 n\u00e3o prejudicar o debate e a tramita\u00e7\u00e3o do ato que vai ser anunciado pelos ministros\u201d, pontuou o secret\u00e1rio da Receita.<\/p>\n<p>O pronunciamento foi realizado em coletiva de imprensa, ao lado do ministro da Fazenda, Fernando Haddad.<\/p>\n<p>Em sua fala, o chefe da equipe econ\u00f4mica disse que a revoga\u00e7\u00e3o busca dar for\u00e7a \u00e0 tramita\u00e7\u00e3o de uma Medida Provis\u00f3ria (MP) que o governo vai assinar.<\/p>\n<p>O texto vai refor\u00e7ar os princ\u00edpios de gratuidade e de sigilio banc\u00e1rio do uso do Pix, segundo Haddad.<\/p>\n","protected":false},"excerpt":{"rendered":"<p>O secret\u00e1rio da Receita Federal, Robinson Barreirinhas, anunciou nesta quarta-feira (15) que ser\u00e1 revogada a regra de monitoramento do Pix. \u201cVamos revogar ato da Receita que mudou valores para monitoramento de movimenta\u00e7\u00f5es financeiras. Pessoas inescrupulosas distorceram e manipularam o ato normativo da Receita Federal prejudicando milh\u00f5es de pessoas, causando p\u00e2nico principalmente na popula\u00e7\u00e3o mais humilde\u201d, [&hellip;]<\/p>\n","protected":false},"author":2,"featured_media":104497,"comment_status":"open","ping_status":"open","sticky":false,"template":"","format":"standard","meta":{"footnotes":""},"categories":[16,22],"tags":[],"class_list":["post-104496","post","type-post","status-publish","format-standard","has-post-thumbnail","hentry","category-destaque","category-economia"],"_links":{"self":[{"href":"https:\/\/ativeagencia.com.br\/radiomais\/wp-json\/wp\/v2\/posts\/104496","targetHints":{"allow":["GET"]}}],"collection":[{"href":"https:\/\/ativeagencia.com.br\/radiomais\/wp-json\/wp\/v2\/posts"}],"about":[{"href":"https:\/\/ativeagencia.com.br\/radiomais\/wp-json\/wp\/v2\/types\/post"}],"author":[{"embeddable":true,"href":"https:\/\/ativeagencia.com.br\/radiomais\/wp-json\/wp\/v2\/users\/2"}],"replies":[{"embeddable":true,"href":"https:\/\/ativeagencia.com.br\/radiomais\/wp-json\/wp\/v2\/comments?post=104496"}],"version-history":[{"count":1,"href":"https:\/\/ativeagencia.com.br\/radiomais\/wp-json\/wp\/v2\/posts\/104496\/revisions"}],"predecessor-version":[{"id":104498,"href":"https:\/\/ativeagencia.com.br\/radiomais\/wp-json\/wp\/v2\/posts\/104496\/revisions\/104498"}],"wp:featuredmedia":[{"embeddable":true,"href":"https:\/\/ativeagencia.com.br\/radiomais\/wp-json\/wp\/v2\/media\/104497"}],"wp:attachment":[{"href":"https:\/\/ativeagencia.com.br\/radiomais\/wp-json\/wp\/v2\/media?parent=104496"}],"wp:term":[{"taxonomy":"category","embeddable":true,"href":"https:\/\/ativeagencia.com.br\/radiomais\/wp-json\/wp\/v2\/categories?post=104496"},{"taxonomy":"post_tag","embeddable":true,"href":"https:\/\/ativeagencia.com.br\/radiomais\/wp-json\/wp\/v2\/tags?post=104496"}],"curies":[{"name":"wp","href":"https:\/\/api.w.org\/{rel}","templated":true}]}}