{"id":104500,"date":"2025-01-16T08:36:28","date_gmt":"2025-01-16T11:36:28","guid":{"rendered":"https:\/\/ativeagencia.com.br\/radiomais\/?p=104500"},"modified":"2025-01-16T08:37:40","modified_gmt":"2025-01-16T11:37:40","slug":"104500","status":"publish","type":"post","link":"https:\/\/ativeagencia.com.br\/radiomais\/2025\/01\/16\/104500\/","title":{"rendered":"PSDB nacional quer Eduardo Leite como candidato \u00e0 presid\u00eancia da Rep\u00fablica"},"content":{"rendered":"<p>O PSDB confirmou que pretende se fundir ou se incorporar a outro partido ainda neste ano. A sigla tamb\u00e9m afirmou que apoiar\u00e1 a candidatura do governador do Rio Grande do Sul, Eduardo Leite, \u00e0 Presid\u00eancia da Rep\u00fablica em 2026.<\/p>\n<p>O presidente nacional do partido, Marconi Perillo, afirmou que Leite \u201ctem pretens\u00f5es \u00e0 candidatura\u201d e que possui um perfil muito alinhado com as expectativas do partido e do Brasil.<\/p>\n<p>\u201cEduardo Leite \u00e9 um pol\u00edtico culto, preparado, conciliador e provou resili\u00eancia por passar por dois acontecimentos que exigiram muito dele, a pandemia da Covid-19 e as enchentes de 2024\u201d, comentou.<\/p>\n<p>Leite \u00e9 um dos tr\u00eas governadores tucanos com mandato no pa\u00eds. Desde as elei\u00e7\u00f5es de 2022, o governador ga\u00facho despontou em pesquisas como um poss\u00edvel candidato da \u201cterceira via\u201d frente \u00e0 polariza\u00e7\u00e3o, na \u00e9poca, de Jair Bolsonaro (PL) e Luiz In\u00e1cio Lula da Silva (PT).<\/p>\n<p>O pol\u00edtico chegou a renunciar do cargo meses antes para concorrer ao Executivo nacional, mas, por imbr\u00f3glios da sigla, desistiu. Assim, concorreu mais uma vez ao governo do Rio Grande do Sul e conquistou a reelei\u00e7\u00e3o \u2014 a primeira na hist\u00f3ria do estado desde a redemocratiza\u00e7\u00e3o.<\/p>\n","protected":false},"excerpt":{"rendered":"<p>O PSDB confirmou que pretende se fundir ou se incorporar a outro partido ainda neste ano. A sigla tamb\u00e9m afirmou que apoiar\u00e1 a candidatura do governador do Rio Grande do Sul, Eduardo Leite, \u00e0 Presid\u00eancia da Rep\u00fablica em 2026. O presidente nacional do partido, Marconi Perillo, afirmou que Leite \u201ctem pretens\u00f5es \u00e0 candidatura\u201d e que [&hellip;]<\/p>\n","protected":false},"author":2,"featured_media":104501,"comment_status":"open","ping_status":"open","sticky":false,"template":"","format":"standard","meta":{"footnotes":""},"categories":[16,17],"tags":[],"class_list":["post-104500","post","type-post","status-publish","format-standard","has-post-thumbnail","hentry","category-destaque","category-politica"],"_links":{"self":[{"href":"https:\/\/ativeagencia.com.br\/radiomais\/wp-json\/wp\/v2\/posts\/104500","targetHints":{"allow":["GET"]}}],"collection":[{"href":"https:\/\/ativeagencia.com.br\/radiomais\/wp-json\/wp\/v2\/posts"}],"about":[{"href":"https:\/\/ativeagencia.com.br\/radiomais\/wp-json\/wp\/v2\/types\/post"}],"author":[{"embeddable":true,"href":"https:\/\/ativeagencia.com.br\/radiomais\/wp-json\/wp\/v2\/users\/2"}],"replies":[{"embeddable":true,"href":"https:\/\/ativeagencia.com.br\/radiomais\/wp-json\/wp\/v2\/comments?post=104500"}],"version-history":[{"count":2,"href":"https:\/\/ativeagencia.com.br\/radiomais\/wp-json\/wp\/v2\/posts\/104500\/revisions"}],"predecessor-version":[{"id":104503,"href":"https:\/\/ativeagencia.com.br\/radiomais\/wp-json\/wp\/v2\/posts\/104500\/revisions\/104503"}],"wp:featuredmedia":[{"embeddable":true,"href":"https:\/\/ativeagencia.com.br\/radiomais\/wp-json\/wp\/v2\/media\/104501"}],"wp:attachment":[{"href":"https:\/\/ativeagencia.com.br\/radiomais\/wp-json\/wp\/v2\/media?parent=104500"}],"wp:term":[{"taxonomy":"category","embeddable":true,"href":"https:\/\/ativeagencia.com.br\/radiomais\/wp-json\/wp\/v2\/categories?post=104500"},{"taxonomy":"post_tag","embeddable":true,"href":"https:\/\/ativeagencia.com.br\/radiomais\/wp-json\/wp\/v2\/tags?post=104500"}],"curies":[{"name":"wp","href":"https:\/\/api.w.org\/{rel}","templated":true}]}}