{"id":104505,"date":"2025-01-16T09:25:11","date_gmt":"2025-01-16T12:25:11","guid":{"rendered":"https:\/\/ativeagencia.com.br\/radiomais\/?p=104505"},"modified":"2025-01-16T09:25:11","modified_gmt":"2025-01-16T12:25:11","slug":"corsan-demite-12-funcionarios-na-regiao-incluindo-gerente-de-santa-rosa","status":"publish","type":"post","link":"https:\/\/ativeagencia.com.br\/radiomais\/2025\/01\/16\/corsan-demite-12-funcionarios-na-regiao-incluindo-gerente-de-santa-rosa\/","title":{"rendered":"Corsan demite 12 funcion\u00e1rios na regi\u00e3o, incluindo gerente de Santa Rosa"},"content":{"rendered":"<p>Cerca de 12 funcion\u00e1rios da Aegea Corsan, que atuavam na regional Miss\u00f5es foram demitidos pela empresa nesta semana. Entre eles, oito trabalhadores da unidade de Santa Rosa, incluindo o gerente, Jauro Nascimento, que postou em suas redes sociais, nota destacando seu desligamento da empresa, onde atuou por 33 anos e 11 meses.<\/p>\n<p>\u201cForam anos de muito aprendizado e dedica\u00e7\u00e3o ao saneamento\u201d, citou Jauro, que respondeu pela ger\u00eancia em Santa Rosa nos \u00faltimos 15 anos.<\/p>\n<p>Segundo o Sindi\u00e1gua, sindicato da categoria, a empresa dever\u00e1 demitir cerca de 250 funcion\u00e1rios nos pr\u00f3ximos meses em todo o Rio Grande do Sul.<\/p>\n","protected":false},"excerpt":{"rendered":"<p>Cerca de 12 funcion\u00e1rios da Aegea Corsan, que atuavam na regional Miss\u00f5es foram demitidos pela empresa nesta semana. Entre eles, oito trabalhadores da unidade de Santa Rosa, incluindo o gerente, Jauro Nascimento, que postou em suas redes sociais, nota destacando seu desligamento da empresa, onde atuou por 33 anos e 11 meses. \u201cForam anos de [&hellip;]<\/p>\n","protected":false},"author":2,"featured_media":104506,"comment_status":"open","ping_status":"open","sticky":false,"template":"","format":"standard","meta":{"footnotes":""},"categories":[16,13],"tags":[],"class_list":["post-104505","post","type-post","status-publish","format-standard","has-post-thumbnail","hentry","category-destaque","category-geral"],"_links":{"self":[{"href":"https:\/\/ativeagencia.com.br\/radiomais\/wp-json\/wp\/v2\/posts\/104505","targetHints":{"allow":["GET"]}}],"collection":[{"href":"https:\/\/ativeagencia.com.br\/radiomais\/wp-json\/wp\/v2\/posts"}],"about":[{"href":"https:\/\/ativeagencia.com.br\/radiomais\/wp-json\/wp\/v2\/types\/post"}],"author":[{"embeddable":true,"href":"https:\/\/ativeagencia.com.br\/radiomais\/wp-json\/wp\/v2\/users\/2"}],"replies":[{"embeddable":true,"href":"https:\/\/ativeagencia.com.br\/radiomais\/wp-json\/wp\/v2\/comments?post=104505"}],"version-history":[{"count":1,"href":"https:\/\/ativeagencia.com.br\/radiomais\/wp-json\/wp\/v2\/posts\/104505\/revisions"}],"predecessor-version":[{"id":104507,"href":"https:\/\/ativeagencia.com.br\/radiomais\/wp-json\/wp\/v2\/posts\/104505\/revisions\/104507"}],"wp:featuredmedia":[{"embeddable":true,"href":"https:\/\/ativeagencia.com.br\/radiomais\/wp-json\/wp\/v2\/media\/104506"}],"wp:attachment":[{"href":"https:\/\/ativeagencia.com.br\/radiomais\/wp-json\/wp\/v2\/media?parent=104505"}],"wp:term":[{"taxonomy":"category","embeddable":true,"href":"https:\/\/ativeagencia.com.br\/radiomais\/wp-json\/wp\/v2\/categories?post=104505"},{"taxonomy":"post_tag","embeddable":true,"href":"https:\/\/ativeagencia.com.br\/radiomais\/wp-json\/wp\/v2\/tags?post=104505"}],"curies":[{"name":"wp","href":"https:\/\/api.w.org\/{rel}","templated":true}]}}